{"id":132340,"date":"2023-12-19T21:58:57","date_gmt":"2023-12-20T00:58:57","guid":{"rendered":"https:\/\/diariodamanhapelotas.com.br\/site\/?p=132340"},"modified":"2023-12-19T21:58:57","modified_gmt":"2023-12-20T00:58:57","slug":"operacao-verao-rodovida-da-prf-iniciou-no-rio-grande-do-sul","status":"publish","type":"post","link":"https:\/\/diariodamanhapelotas.com.br\/site\/operacao-verao-rodovida-da-prf-iniciou-no-rio-grande-do-sul\/","title":{"rendered":"Opera\u00e7\u00e3o Ver\u00e3o Rodovida da PRF iniciou no Rio Grande do Sul"},"content":{"rendered":"<h3 style=\"text-align: center;\"><em>As a\u00e7\u00f5es fazem parte do Programa Rodovida que engloba todo o Sistema Nacional de Tr\u00e2nsito<\/em><\/h3>\n<p>A Pol\u00edcia Rodovi\u00e1ria Federal no Rio Grande do Sul iniciou hoje (19) a Opera\u00e7\u00e3o Rodovia que se estender\u00e1 at\u00e9 o in\u00edcio de mar\u00e7o. Durante esse per\u00edodo a PRF refor\u00e7ar\u00e1 o efetivo em servi\u00e7o, aumentando o emprego do policiamento ostensivo para fomentar maior seguran\u00e7a dos usu\u00e1rios das rodovias. Tamb\u00e9m direcionar\u00e1 as a\u00e7\u00f5es especialmente para os locais e hor\u00e1rios nos quais as estat\u00edsticas demonstram haver maior incid\u00eancia de acidentes. O foco da a\u00e7\u00e3o ser\u00e1 a fiscaliza\u00e7\u00e3o das infra\u00e7\u00f5es que geram maior risco ou potencializam les\u00f5es em acidentes, como a embriaguez ao volante, o excesso de velocidade e as ultrapassagens indevidas. Al\u00e9m disso, a atua\u00e7\u00e3o no combate ao crime tamb\u00e9m ser\u00e1 refor\u00e7ada, com apoio do servi\u00e7o de intelig\u00eancia, para prender criminosos, recuperar ve\u00edculos roubados e retirar armas ilegais e drogas de circula\u00e7\u00e3o.<\/p>\n<p>Este opera\u00e7\u00e3o da PRF no RS faz parte do Programa de Governo Rodovida, que tem como meta central a redu\u00e7\u00e3o dos \u00edndices de sinistros, de feridos e de mortos nas rodovias federais, visando diminuir a viol\u00eancia no tr\u00e2nsito e seus impactos sociais. O Programa Rodovida integra \u00f3rg\u00e3os envolvidos com a seguran\u00e7a no tr\u00e2nsito em todo o pa\u00eds, intensificando a\u00e7\u00f5es preventivas e educativas. As a\u00e7\u00f5es, realizadas em todo o pa\u00eds, buscam criar um ambiente mais seguro nas estradas, promovendo uma conviv\u00eancia pac\u00edfica e respons\u00e1vel entre os usu\u00e1rios. Durante a opera\u00e7\u00e3o, a PRF e os demais \u00f3rg\u00e3os de seguran\u00e7a p\u00fablica atuar\u00e3o de maneira coordenada, concentrando esfor\u00e7os na redu\u00e7\u00e3o da viol\u00eancia no tr\u00e2nsito e nos custos sociais associados.<\/p>\n<p>A Pol\u00edcia Rodovi\u00e1ria Federal no Rio Grande do Sul com a Opera\u00e7\u00e3o Ver\u00e3o Rodovida reafirma o seu compromisso com a defesa da vida e com a redu\u00e7\u00e3o do n\u00famero de mortes, mas para alcan\u00e7ar os objetivos da a\u00e7\u00e3o \u00e9 necess\u00e1ria colabora\u00e7\u00e3o de todos os envolvidos.<\/p>\n<h4 style=\"text-align: center;\">Confira as orienta\u00e7\u00f5es da PRF:<\/h4>\n<p>\ud83d\udcdd Antes de viajar: certifique-se que a documenta\u00e7\u00e3o esteja em dia. Confira tamb\u00e9m freios, suspens\u00e3o, pneus e o sistema de ilumina\u00e7\u00e3o. N\u00e3o fa\u00e7a ingest\u00e3o de bebidas alco\u00f3licas. Planeje sua viagem, com pontos de parada.<\/p>\n<p>\ud83d\udee3\ufe0f Durante a viagem: tenha calma, acredite na sinaliza\u00e7\u00e3o e respeite a velocidade m\u00e1xima. S\u00f3 ultrapasse em locais permitidos e com visibilidade suficiente. N\u00e3o deixe o celular ser uma distra\u00e7\u00e3o, desligue ou ative o modo avi\u00e3o para que notifica\u00e7\u00f5es n\u00e3o tirem a sua aten\u00e7\u00e3o enquanto estiver dirigindo. Priorize viajar durante o dia, nos hor\u00e1rios de menor movimento,\u00a0 mantendo-se na mesma faixa de rolamento, sem mudan\u00e7as repentinas de dire\u00e7\u00e3o.<\/p>\n<p>\ud83d\udc6e\u200d\u2642\ufe0f Abordagem policial: obede\u00e7a \u00e0s ordens dos agentes, n\u00e3o fa\u00e7a movimentos bruscos, abra os vidros do carro para ser melhor visualizado e, \u00e0 noite, ligue a luz interna.<\/p>\n<p>\ud83d\udca5 Em caso de acidente: se n\u00e3o houver feridos, retire os ve\u00edculos da pista imediatamente. Voc\u00ea pode fazer a ocorr\u00eancia pela internet, atrav\u00e9s do link: https:\/\/declarante.prf.gov.br\/declarante\/ Havendo feridos, sinalize e avise a PRF.<\/p>\n<p>\ud83d\udcde Emerg\u00eancia em rodovias federais, ligue 191.<\/p>\n","protected":false},"excerpt":{"rendered":"<p>As a\u00e7\u00f5es fazem parte do Programa Rodovida que engloba todo o Sistema Nacional de Tr\u00e2nsito A Pol\u00edcia Rodovi\u00e1ria Federal no Rio Grande do Sul iniciou hoje (19) a Opera\u00e7\u00e3o Rodovia<\/p>\n","protected":false},"author":3,"featured_media":132341,"comment_status":"closed","ping_status":"closed","sticky":false,"template":"","format":"standard","meta":[],"categories":[305,33],"tags":[],"_links":{"self":[{"href":"https:\/\/diariodamanhapelotas.com.br\/site\/wp-json\/wp\/v2\/posts\/132340"}],"collection":[{"href":"https:\/\/diariodamanhapelotas.com.br\/site\/wp-json\/wp\/v2\/posts"}],"about":[{"href":"https:\/\/diariodamanhapelotas.com.br\/site\/wp-json\/wp\/v2\/types\/post"}],"author":[{"embeddable":true,"href":"https:\/\/diariodamanhapelotas.com.br\/site\/wp-json\/wp\/v2\/users\/3"}],"replies":[{"embeddable":true,"href":"https:\/\/diariodamanhapelotas.com.br\/site\/wp-json\/wp\/v2\/comments?post=132340"}],"version-history":[{"count":1,"href":"https:\/\/diariodamanhapelotas.com.br\/site\/wp-json\/wp\/v2\/posts\/132340\/revisions"}],"predecessor-version":[{"id":132342,"href":"https:\/\/diariodamanhapelotas.com.br\/site\/wp-json\/wp\/v2\/posts\/132340\/revisions\/132342"}],"wp:featuredmedia":[{"embeddable":true,"href":"https:\/\/diariodamanhapelotas.com.br\/site\/wp-json\/wp\/v2\/media\/132341"}],"wp:attachment":[{"href":"https:\/\/diariodamanhapelotas.com.br\/site\/wp-json\/wp\/v2\/media?parent=132340"}],"wp:term":[{"taxonomy":"category","embeddable":true,"href":"https:\/\/diariodamanhapelotas.com.br\/site\/wp-json\/wp\/v2\/categories?post=132340"},{"taxonomy":"post_tag","embeddable":true,"href":"https:\/\/diariodamanhapelotas.com.br\/site\/wp-json\/wp\/v2\/tags?post=132340"}],"curies":[{"name":"wp","href":"https:\/\/api.w.org\/{rel}","templated":true}]}}