{"id":132999,"date":"2024-01-26T19:28:55","date_gmt":"2024-01-26T22:28:55","guid":{"rendered":"https:\/\/diariodamanhapelotas.com.br\/site\/?p=132999"},"modified":"2024-01-27T12:42:02","modified_gmt":"2024-01-27T15:42:02","slug":"sobe-numero-de-pontos-proprios-para-banho-em-pelotas-e-no-litoral-norte","status":"publish","type":"post","link":"https:\/\/diariodamanhapelotas.com.br\/site\/sobe-numero-de-pontos-proprios-para-banho-em-pelotas-e-no-litoral-norte\/","title":{"rendered":"Sobe n\u00famero de pontos pr\u00f3prios para banho em Pelotas e no Litoral Norte"},"content":{"rendered":"<h3 style=\"text-align: center;\"><em>Voltaram \u00e0 condi\u00e7\u00e3o pr\u00f3pria nesta semana quatro pontos em Pelotas. Dos oito locais analisados, seis est\u00e3o liberados para banho<\/em><\/h3>\n<p>A Funda\u00e7\u00e3o Estadual de Prote\u00e7\u00e3o Ambiental (Fepam) divulgou, nesta sexta-feira (26\/1), o s\u00e9timo boletim do projeto Balneabilidade da temporada 2023\/2024. Dos 91 pontos analisados no Estado, 81 est\u00e3o pr\u00f3prios para banho e dez apresentam condi\u00e7\u00e3o impr\u00f3pria.<\/p>\n<p>Para a classifica\u00e7\u00e3o das \u00e1guas como pr\u00f3pria ou impr\u00f3pria, utilizam-se par\u00e2metros de Escherichia coli (E.coli) definidos pelas resolu\u00e7\u00f5es do\u00a0Conselho Nacional do Meio Ambiente (Conama) 274\/2000 e 357\/2005. Nos balne\u00e1rios de Pelotas e de Tapes e na Lagoa do Peixoto, em Os\u00f3rio, tamb\u00e9m s\u00e3o consideradas as cianobact\u00e9rias.<\/p>\n<p>O resultado est\u00e1 condicionado a cinco semanas de monitoramento. Se, ao longo desse per\u00edodo, duas ou mais amostras do conjunto apresentarem resultado superior a 800 para\u00a0E.coli\u00a0ou, ainda, se a amostra mais recente das cinco avaliadas apresentar resultado maior que 2.000 para\u00a0E.coli, o ponto ser\u00e1 classificado como impr\u00f3prio. O mesmo ocorre se a contagem de cianobact\u00e9rias extrapolar 50.000 c\u00e9lulas.<\/p>\n<p>Os dados das an\u00e1lises das \u00e1guas s\u00e3o divulgados sempre \u00e0s sextas-feiras, no site e nas m\u00eddias sociais da Fepam. O projeto segue at\u00e9 mar\u00e7o de 2024.<\/p>\n<p>Durante o ver\u00e3o, os avisos de local pr\u00f3prio ou impr\u00f3prio para banho estar\u00e3o em destaque em placas informativas fixadas nos pontos de coleta de \u00e1gua. Os veranistas tamb\u00e9m poder\u00e3o consultar os resultados das an\u00e1lises no\u00a0<a href=\"https:\/\/secweb.procergs.com.br\/baln-consulta\/\" target=\"_blank\" rel=\"noopener noreferrer\">web aplicativo Balneabilidade.<\/a><\/p>\n<p>As coletas em \u00e1gua salgada no Litoral Norte e as respectivas an\u00e1lises s\u00e3o feitas pela Fepam, por meio da Ger\u00eancia Regional do Litoral Norte Sema-Fepam (Gerlit) e da Divis\u00e3o de Laborat\u00f3rios (Dilab). O projeto \u00e9 coordenado pelo Departamento de Qualidade Ambiental (DQA). Os demais pontos s\u00e3o monitorados com apoio da Companhia Riograndense de Saneamento (Corsan) e do Servi\u00e7o Aut\u00f4nomo de Saneamento de Pelotas (Sanep).<\/p>\n<h4 style=\"text-align: center;\"><strong>Recomenda\u00e7\u00f5es aos banhistas:<\/strong><\/h4>\n<ul>\n<li>Entre na \u00e1gua apenas em local com condi\u00e7\u00e3o PR\u00d3PRIA para banho.<\/li>\n<li>Evite tomar banho nas primeiras 24 horas ap\u00f3s chuvas intensas, em sa\u00eddas de c\u00f3rregos ou rios que afluem nas praias, pois as \u00e1guas podem estar contaminadas por esgotos dom\u00e9sticos.<\/li>\n<li>N\u00e3o tome banho em locais com concentra\u00e7\u00e3o de algas, pois podem conter toxinas prejudiciais \u00e0 sa\u00fade.<\/li>\n<\/ul>\n<h4 style=\"text-align: center;\"><strong>Locais com condi\u00e7\u00e3o impr\u00f3pria para banho:<\/strong><\/h4>\n<ul>\n<li><strong>Candel\u00e1ria:<\/strong> Balne\u00e1rio Carlos Larger &#8211; Rio Pardo<\/li>\n<li><strong>Dom Pedrito:<\/strong>\u00a0Praia Passo Real &#8211; Rio Santa Maria<\/li>\n<li><strong>Imb\u00e9:<\/strong>\u00a0Santa Terezinha &#8211; Rua Farroupilha<\/li>\n<li><strong>Imb\u00e9:<\/strong>\u00a0Mariluz &#8211; Avenida Mariluz<\/li>\n<li><strong>Pelotas:<\/strong>\u00a0Valverde &#8211; Trapiche<\/li>\n<li><strong>Pelotas:<\/strong>\u00a0Valverde &#8211; Avenida Senador Joaquim A. de Assun\u00e7\u00e3o<\/li>\n<li><strong>Santa Vitoria do Palmar:<\/strong>\u00a0Barra do Chu\u00ed<\/li>\n<li><strong>Santa Vitoria do Palmar:<\/strong>\u00a0Balne\u00e1rio do Porto &#8211; Lagoa Mirim<\/li>\n<li><strong>Xangri-l\u00e1:<\/strong>\u00a0Rainha Do Mar &#8211; Col\u00f4nia de F\u00e9rias Banrisul<\/li>\n<li><strong>Torres:<\/strong>\u00a0Praia da Cal &#8211; Avenida Independ\u00eancia<\/li>\n<\/ul>\n<p>Voltaram \u00e0 condi\u00e7\u00e3o pr\u00f3pria nesta semana um ponto em\u00a0Tramanda\u00ed\u00a0(Jardim Atl\u00e2ntico &#8211; Rua das Alamandas) e\u00a0quatro pontos em\u00a0Pelotas\u00a0(Balne\u00e1rio dos Prazeres; Santo Ant\u00f4nio &#8211; Rua Bag\u00e9; Santo Ant\u00f4nio &#8211; Avenida Rio Grande do Sul; Santo Ant\u00f4nio &#8211; Restaurante).<\/p>\n<ul>\n<li><strong><a href=\"https:\/\/drive.google.com\/file\/d\/1i8McTPzvNKuiM8unRDB1Fdl3NQOHd65q\/view?usp=sharing\" target=\"_blank\" rel=\"noopener noreferrer\">Planilha completa<\/a><\/strong><\/li>\n<\/ul>\n","protected":false},"excerpt":{"rendered":"<p>Voltaram \u00e0 condi\u00e7\u00e3o pr\u00f3pria nesta semana quatro pontos em Pelotas. Dos oito locais analisados, seis est\u00e3o liberados para banho A Funda\u00e7\u00e3o Estadual de Prote\u00e7\u00e3o Ambiental (Fepam) divulgou, nesta sexta-feira (26\/1),<\/p>\n","protected":false},"author":3,"featured_media":0,"comment_status":"closed","ping_status":"closed","sticky":false,"template":"","format":"standard","meta":[],"categories":[305,149],"tags":[],"_links":{"self":[{"href":"https:\/\/diariodamanhapelotas.com.br\/site\/wp-json\/wp\/v2\/posts\/132999"}],"collection":[{"href":"https:\/\/diariodamanhapelotas.com.br\/site\/wp-json\/wp\/v2\/posts"}],"about":[{"href":"https:\/\/diariodamanhapelotas.com.br\/site\/wp-json\/wp\/v2\/types\/post"}],"author":[{"embeddable":true,"href":"https:\/\/diariodamanhapelotas.com.br\/site\/wp-json\/wp\/v2\/users\/3"}],"replies":[{"embeddable":true,"href":"https:\/\/diariodamanhapelotas.com.br\/site\/wp-json\/wp\/v2\/comments?post=132999"}],"version-history":[{"count":1,"href":"https:\/\/diariodamanhapelotas.com.br\/site\/wp-json\/wp\/v2\/posts\/132999\/revisions"}],"predecessor-version":[{"id":133000,"href":"https:\/\/diariodamanhapelotas.com.br\/site\/wp-json\/wp\/v2\/posts\/132999\/revisions\/133000"}],"wp:attachment":[{"href":"https:\/\/diariodamanhapelotas.com.br\/site\/wp-json\/wp\/v2\/media?parent=132999"}],"wp:term":[{"taxonomy":"category","embeddable":true,"href":"https:\/\/diariodamanhapelotas.com.br\/site\/wp-json\/wp\/v2\/categories?post=132999"},{"taxonomy":"post_tag","embeddable":true,"href":"https:\/\/diariodamanhapelotas.com.br\/site\/wp-json\/wp\/v2\/tags?post=132999"}],"curies":[{"name":"wp","href":"https:\/\/api.w.org\/{rel}","templated":true}]}}