{"id":133014,"date":"2024-01-29T14:37:49","date_gmt":"2024-01-29T17:37:49","guid":{"rendered":"https:\/\/diariodamanhapelotas.com.br\/site\/?p=133014"},"modified":"2024-01-29T14:37:49","modified_gmt":"2024-01-29T17:37:49","slug":"matriculas-do-sisu-iniciam-esta-semana","status":"publish","type":"post","link":"https:\/\/diariodamanhapelotas.com.br\/site\/matriculas-do-sisu-iniciam-esta-semana\/","title":{"rendered":"Matr\u00edculas do Sisu iniciam esta semana"},"content":{"rendered":"<h3 style=\"text-align: center;\"><em>A partir desta semana, de 1\u00ba a 7 de fevereiro, os candidatos aprovados na chamada regular do\u00a0Sistema de Sele\u00e7\u00e3o Unificada (Sisu)\u00a0devem efetuar suas\u00a0matr\u00edculas na Universidade Federal de Pelotas (UFPel)<\/em><\/h3>\n<p><a href=\"https:\/\/acessounico.mec.gov.br\/sisu\" target=\"_blank\" rel=\"noopener noreferrer\"><img loading=\"lazy\" class=\"size-full wp-image-133015 alignright\" src=\"https:\/\/diariodamanhapelotas.com.br\/site\/wp-content\/uploads\/2024\/01\/sisu-ufpel.png\" rel=\"lightbox\" title=\"Matr\u00edculas do Sisu iniciam esta semana\" alt=\"\" width=\"400\" height=\"400\" srcset=\"https:\/\/diariodamanhapelotas.com.br\/site\/wp-content\/uploads\/2024\/01\/sisu-ufpel.png 400w, https:\/\/diariodamanhapelotas.com.br\/site\/wp-content\/uploads\/2024\/01\/sisu-ufpel-300x300.png 300w, https:\/\/diariodamanhapelotas.com.br\/site\/wp-content\/uploads\/2024\/01\/sisu-ufpel-150x150.png 150w\" sizes=\"(max-width: 400px) 100vw, 400px\" \/><\/a>No ano de 2024, haver\u00e1 uma \u00fanica edi\u00e7\u00e3o do Sisu, proporcionando aos candidatos dois ingressos durante o ano letivo. Entretanto, os candidatos n\u00e3o poder\u00e3o optar pelo semestre de ingresso: isso depender\u00e1 da sua coloca\u00e7\u00e3o no curso desejado. Dessa forma, concorrer\u00e3o \u00e0s vagas de todo o ano com uma \u00fanica inscri\u00e7\u00e3o.<\/p>\n<p>A institui\u00e7\u00e3o oferece um total de 3.429 vagas distribu\u00eddas em 96 cursos de gradua\u00e7\u00e3o.\u00a0O Sisu prov\u00ea o preenchimento da maior propor\u00e7\u00e3o de vagas da UFPel.<\/p>\n<p>A divulga\u00e7\u00e3o dos resultados da chamada regular est\u00e1 programada para esta ter\u00e7a-feira (30). Candidatos n\u00e3o selecionados nessa etapa t\u00eam a op\u00e7\u00e3o de escolher um dos cursos e permanecer na disputa por vagas atrav\u00e9s da lista de espera.\u00a0<a href=\"https:\/\/acessounico.mec.gov.br\/sisu\" target=\"_blank\" rel=\"noopener noreferrer\">A manifesta\u00e7\u00e3o de interesse em participar da lista de espera pode ser feita no per\u00edodo de 30 de janeiro a 7 de fevereiro<\/a>.<\/p>\n<p><a href=\"https:\/\/wp.ufpel.edu.br\/sisu\/\" target=\"_blank\" rel=\"noopener noreferrer\">Informa\u00e7\u00f5es sobre a matr\u00edcula podem ser encontradas neste link.<\/a><\/p>\n<p>Os semestres letivos de 2024 tem a seguinte previs\u00e3o de in\u00edcio:<br \/>\n\u2013 2024\/1: 15 de abril;<br \/>\n\u2013 2024\/2: 26 de agosto.<\/p>\n<p>*O curso de Direito ter\u00e1 in\u00edcio do ano letivo em 11 de mar\u00e7o.<\/p>\n","protected":false},"excerpt":{"rendered":"<p>A partir desta semana, de 1\u00ba a 7 de fevereiro, os candidatos aprovados na chamada regular do\u00a0Sistema de Sele\u00e7\u00e3o Unificada (Sisu)\u00a0devem efetuar suas\u00a0matr\u00edculas na Universidade Federal de Pelotas (UFPel) No<\/p>\n","protected":false},"author":3,"featured_media":133016,"comment_status":"closed","ping_status":"closed","sticky":false,"template":"","format":"standard","meta":[],"categories":[305,30],"tags":[],"_links":{"self":[{"href":"https:\/\/diariodamanhapelotas.com.br\/site\/wp-json\/wp\/v2\/posts\/133014"}],"collection":[{"href":"https:\/\/diariodamanhapelotas.com.br\/site\/wp-json\/wp\/v2\/posts"}],"about":[{"href":"https:\/\/diariodamanhapelotas.com.br\/site\/wp-json\/wp\/v2\/types\/post"}],"author":[{"embeddable":true,"href":"https:\/\/diariodamanhapelotas.com.br\/site\/wp-json\/wp\/v2\/users\/3"}],"replies":[{"embeddable":true,"href":"https:\/\/diariodamanhapelotas.com.br\/site\/wp-json\/wp\/v2\/comments?post=133014"}],"version-history":[{"count":1,"href":"https:\/\/diariodamanhapelotas.com.br\/site\/wp-json\/wp\/v2\/posts\/133014\/revisions"}],"predecessor-version":[{"id":133017,"href":"https:\/\/diariodamanhapelotas.com.br\/site\/wp-json\/wp\/v2\/posts\/133014\/revisions\/133017"}],"wp:featuredmedia":[{"embeddable":true,"href":"https:\/\/diariodamanhapelotas.com.br\/site\/wp-json\/wp\/v2\/media\/133016"}],"wp:attachment":[{"href":"https:\/\/diariodamanhapelotas.com.br\/site\/wp-json\/wp\/v2\/media?parent=133014"}],"wp:term":[{"taxonomy":"category","embeddable":true,"href":"https:\/\/diariodamanhapelotas.com.br\/site\/wp-json\/wp\/v2\/categories?post=133014"},{"taxonomy":"post_tag","embeddable":true,"href":"https:\/\/diariodamanhapelotas.com.br\/site\/wp-json\/wp\/v2\/tags?post=133014"}],"curies":[{"name":"wp","href":"https:\/\/api.w.org\/{rel}","templated":true}]}}