{"id":133057,"date":"2024-01-31T15:35:33","date_gmt":"2024-01-31T18:35:33","guid":{"rendered":"https:\/\/diariodamanhapelotas.com.br\/site\/?p=133057"},"modified":"2024-01-31T15:35:33","modified_gmt":"2024-01-31T18:35:33","slug":"area-do-quadrado-e-liberada-para-uso-da-populacao","status":"publish","type":"post","link":"https:\/\/diariodamanhapelotas.com.br\/site\/area-do-quadrado-e-liberada-para-uso-da-populacao\/","title":{"rendered":"\u00c1rea do Quadrado \u00e9 liberada para uso da popula\u00e7\u00e3o"},"content":{"rendered":"<h3 style=\"text-align: center;\"><em>Local passou por revitaliza\u00e7\u00e3o ap\u00f3s danos causados por intemp\u00e9ries clim\u00e1ticas<\/em><\/h3>\n<p>O\u00a0espa\u00e7o de lazer\u00a0no entorno do\u00a0Quadrado, na regi\u00e3o das\u00a0Doquinhas, no\u00a0Porto, j\u00e1 est\u00e1\u00a0liberado\u00a0para o uso da\u00a0popula\u00e7\u00e3o. A \u00e1rea passou por melhorias ap\u00f3s precisar ser interditada devido aos danos provocados pelas\u00a0chuvas intensas. Nesta quarta-feira a\u00a0Defesa Civil\u00a0desinterditou o local.<\/p>\n<p>A estrutura de conten\u00e7\u00e3o no limite com o Canal S\u00e3o Gon\u00e7alo foi reconstru\u00edda e o atracadouro reformado, permitindo mais seguran\u00e7a. Ap\u00f3s vistoria t\u00e9cnica da equipe de engenheiros da Secretaria de Desenvolvimento Rural (SDR), a circula\u00e7\u00e3o de pessoas na \u00e1rea voltou a ser liberada.<\/p>\n<p>Conforme solicita\u00e7\u00e3o da Patrulha Ambiental (Patram), a interdi\u00e7\u00e3o ocorreu em virtude das fortes chuvas entre setembro e outubro e do aumento do n\u00edvel das \u00e1guas, que acabou danificando parte da estrutura do Quadrado. As obras foram realizadas por equipes do programa M\u00e3o de Obra Prisional (MOP), com supervis\u00e3o da Secretaria Municipal de Obras e Pavimenta\u00e7\u00e3o (Smop).<\/p>\n<p>&nbsp;<\/p>\n<p><em>Foto: Michel Corvello<\/em><\/p>\n","protected":false},"excerpt":{"rendered":"<p>Local passou por revitaliza\u00e7\u00e3o ap\u00f3s danos causados por intemp\u00e9ries clim\u00e1ticas O\u00a0espa\u00e7o de lazer\u00a0no entorno do\u00a0Quadrado, na regi\u00e3o das\u00a0Doquinhas, no\u00a0Porto, j\u00e1 est\u00e1\u00a0liberado\u00a0para o uso da\u00a0popula\u00e7\u00e3o. A \u00e1rea passou por melhorias ap\u00f3s<\/p>\n","protected":false},"author":3,"featured_media":133058,"comment_status":"closed","ping_status":"closed","sticky":false,"template":"","format":"standard","meta":[],"categories":[305,149],"tags":[],"_links":{"self":[{"href":"https:\/\/diariodamanhapelotas.com.br\/site\/wp-json\/wp\/v2\/posts\/133057"}],"collection":[{"href":"https:\/\/diariodamanhapelotas.com.br\/site\/wp-json\/wp\/v2\/posts"}],"about":[{"href":"https:\/\/diariodamanhapelotas.com.br\/site\/wp-json\/wp\/v2\/types\/post"}],"author":[{"embeddable":true,"href":"https:\/\/diariodamanhapelotas.com.br\/site\/wp-json\/wp\/v2\/users\/3"}],"replies":[{"embeddable":true,"href":"https:\/\/diariodamanhapelotas.com.br\/site\/wp-json\/wp\/v2\/comments?post=133057"}],"version-history":[{"count":1,"href":"https:\/\/diariodamanhapelotas.com.br\/site\/wp-json\/wp\/v2\/posts\/133057\/revisions"}],"predecessor-version":[{"id":133059,"href":"https:\/\/diariodamanhapelotas.com.br\/site\/wp-json\/wp\/v2\/posts\/133057\/revisions\/133059"}],"wp:featuredmedia":[{"embeddable":true,"href":"https:\/\/diariodamanhapelotas.com.br\/site\/wp-json\/wp\/v2\/media\/133058"}],"wp:attachment":[{"href":"https:\/\/diariodamanhapelotas.com.br\/site\/wp-json\/wp\/v2\/media?parent=133057"}],"wp:term":[{"taxonomy":"category","embeddable":true,"href":"https:\/\/diariodamanhapelotas.com.br\/site\/wp-json\/wp\/v2\/categories?post=133057"},{"taxonomy":"post_tag","embeddable":true,"href":"https:\/\/diariodamanhapelotas.com.br\/site\/wp-json\/wp\/v2\/tags?post=133057"}],"curies":[{"name":"wp","href":"https:\/\/api.w.org\/{rel}","templated":true}]}}