{"id":133472,"date":"2024-02-22T17:52:30","date_gmt":"2024-02-22T20:52:30","guid":{"rendered":"https:\/\/diariodamanhapelotas.com.br\/site\/?p=133472"},"modified":"2024-02-22T17:52:30","modified_gmt":"2024-02-22T20:52:30","slug":"gravidez-precoce-educacao-sexual-e-fundamental-para-prevenir-doencas-sexualmente-transmissiveis-e-gravidez-na-adolescencia","status":"publish","type":"post","link":"https:\/\/diariodamanhapelotas.com.br\/site\/gravidez-precoce-educacao-sexual-e-fundamental-para-prevenir-doencas-sexualmente-transmissiveis-e-gravidez-na-adolescencia\/","title":{"rendered":"GRAVIDEZ PRECOCE: Educa\u00e7\u00e3o sexual \u00e9 fundamental para prevenir doen\u00e7as sexualmente transmiss\u00edveis e gravidez na adolesc\u00eancia"},"content":{"rendered":"<h3 style=\"text-align: center;\"><em><strong>Cerca de 14% dos nascimentos no Brasil s\u00e3o de m\u00e3es com at\u00e9 19 anos. Situa\u00e7\u00e3o pode ser vista como um problema de sa\u00fade p\u00fablica<\/strong><\/em><\/h3>\n<p>N\u00fameros do Sistema de Informa\u00e7\u00f5es sobre Nascidos Vivos, do Minist\u00e9rio da Sa\u00fade, apontam que, em 2020, cerca de 380 mil partos foram de m\u00e3es com at\u00e9 19 anos de idade, o que corresponde a 14% de todos os nascimentos no Brasil.<\/p>\n<p>\u201cA gravidez na adolesc\u00eancia pode ser considerada um problema de sa\u00fade p\u00fablica devido ao aumento da taxa de fecundidade desta faixa et\u00e1ria associada ao comportamento de risco dos adolescentes e explos\u00e3o da sexualidade\u201d, afirma a m\u00e9dica hebiatra do Hospital Escola da Universidade Federal de Pelotas (HE-UFPel\/ Ebserh), Milene Maria Saalfeld.<\/p>\n<p>S\u00e3o diversos os fatores que contribuem para o aumento dos \u00edndices de adolescentes gestantes, entre eles incluem-se a falta de informa\u00e7\u00e3o, a dificuldade de acesso aos m\u00e9todos contraceptivos, a aproxima\u00e7\u00e3o inadequada aos servi\u00e7os de sa\u00fade, a falta de di\u00e1logo aberto com os pais e o in\u00edcio da vida sexual em idade precoce somada a uma realidade socioecon\u00f4mica desfavor\u00e1vel.<\/p>\n<p>Milene Saalfeld destaca que a gravidez na adolesc\u00eancia atinge todas as classes sociais, ra\u00e7as e escolaridade, mas est\u00e1 associada diretamente a baixa renda, baixa escolaridade, inicia\u00e7\u00e3o sexual precoce e pouca perspectiva de futuro.<\/p>\n<p>A m\u00e9dica exemplifica que durante seus atendimentos no ambulat\u00f3rio de hebiatria do HE-UFPel \u00e9 percept\u00edvel a inicia\u00e7\u00e3o sexual cada vez mais cedo e que tanto a adolescente quanto a m\u00e3e pedem a prescri\u00e7\u00e3o de anticoncepcional hormonal combinado oral (AHCO) ou anticoncepcionais orais (ACO), ou seja, as p\u00edlulas anticoncepcionais<strong>.\u00a0<\/strong><\/p>\n<p>\u201cSinto dificuldade para que usem os preservativos em combina\u00e7\u00e3o, elas n\u00e3o assimilam as fun\u00e7\u00f5es de cada um dos m\u00e9todos &#8211; preven\u00e7\u00e3o de gravidez e das infec\u00e7\u00f5es sexualmente transmiss\u00edveis.\u00a0E isso \u00e9 um trabalho que deve ser feito em conjunto com as escolas, m\u00eddia e sociedade para educa\u00e7\u00e3o e preven\u00e7\u00e3o da gravidez na adolesc\u00eancia\u201d, acrescenta Milene.<\/p>\n<p>Contudo, a m\u00e9dica hebiatra chama a aten\u00e7\u00e3o ao fato de que quando se fala de preven\u00e7\u00e3o de gravidez, geralmente, se refere e se direciona apenas \u00e0s meninas. \u201cIsso \u00e9 algo que precisa mudar, precisamos retirar essa responsabilidade exclusiva das meninas e incluir os meninos na preven\u00e7\u00e3o e na educa\u00e7\u00e3o para a sexualidade respons\u00e1vel.\u00a0 A educa\u00e7\u00e3o previne o comportamento sexual de risco, estimula o sexo com responsabilidade, ampliando a consci\u00eancia individual e suas oportunidades\u201d, pontua a m\u00e9dica.<\/p>\n<p>Para Marilucia Pican\u00e7o, pediatra com \u00eanfase em medicina do adolescente no Hospital Universit\u00e1rio de Bras\u00edlia (HUB-UnB\/Ebserh), muitos adolescentes conhecem os contraceptivos, mas n\u00e3o t\u00eam a preocupa\u00e7\u00e3o com o uso do contraceptivo e da camisinha.<\/p>\n<p>\u201cN\u00e3o h\u00e1 uma preocupa\u00e7\u00e3o, uma constante percep\u00e7\u00e3o do risco de uma gravidez, por isso, talvez, n\u00e3o haja um entendimento maior do que seja, qual \u00e9 o uso do contraceptivo, por qu\u00ea fazer o uso desse contraceptivo\u201d, avalia Marilucia.<\/p>\n<p><img loading=\"lazy\" class=\" wp-image-133474 alignright\" src=\"https:\/\/diariodamanhapelotas.com.br\/site\/wp-content\/uploads\/2024\/02\/gravidez-adolescente.jpg\" alt=\"\" width=\"304\" height=\"407\" srcset=\"https:\/\/diariodamanhapelotas.com.br\/site\/wp-content\/uploads\/2024\/02\/gravidez-adolescente.jpg 396w, https:\/\/diariodamanhapelotas.com.br\/site\/wp-content\/uploads\/2024\/02\/gravidez-adolescente-224x300.jpg 224w, https:\/\/diariodamanhapelotas.com.br\/site\/wp-content\/uploads\/2024\/02\/gravidez-adolescente-112x150.jpg 112w\" sizes=\"(max-width: 304px) 100vw, 304px\" \/>A pediatra comenta, ainda, que falar sobre sexo com adolescentes \u00e9 considerado, por muitos pais, como constrangedor. \u201cH\u00e1 um desconforto, existe at\u00e9 uma classe mais esclarecida, mais favorecida, que usa anticoncepcionais, compra livros, mas falar, especificamente, n\u00e3o fala e n\u00e3o enfatiza a necessidade da prote\u00e7\u00e3o do corpo desses jovens, meninos e meninas, para que n\u00e3o engravidem t\u00e3o precocemente\u201d, diz a pediatra.<\/p>\n<p>\u201c\u00c9 preciso falar sobre o cuidado com o corpo, sobre o cuidado com o sexo e \u00e0 medida que a crian\u00e7a vai crescendo e tomando consci\u00eancia do seu corpo, ela tamb\u00e9m vai tomando consci\u00eancia desse cuidado, para que na adolesc\u00eancia j\u00e1 tenha em mente essa premissa, essa perspectiva e diminuindo o risco e a possibilidade de uma gravidez n\u00e3o planejada, n\u00e3o querida e n\u00e3o pensada em uma fase da vida t\u00e3o precoce, que vai demandar cuidados o resto da vida\u201d, acrescenta Marilucia.<\/p>\n<p>A especialista em psicoterapia infantil e adolescente e psic\u00f3loga hospitalar do Hospital Universit\u00e1rio Maria Aparecida Pedrossian da Universidade Federal de Mato Grosso do Sul (Humap-UFMS\/Ebserh), Patr\u00edcia Oliveira Borges, reitera que conversar sobre sexo na intimidade de casa, \u00e9 seguro e ajuda para que o adolescente n\u00e3o passe por situa\u00e7\u00f5es que ele n\u00e3o quer, mas, por se sentir pressionado ou para n\u00e3o se sentir <em>desenturmado<\/em>, acaba entrando em um contexto que pode ser negativo, posteriormente.<\/p>\n<p>\u201c\u00c9 importante o adolescente saber da parte te\u00f3rica do que \u00e9 um aparelho reprodutor masculino e feminino, mas se o adolescente n\u00e3o tiver com quem conversar em casa, quem possa lhe dar uma informa\u00e7\u00e3o segura, ele vai buscar essa fonte atrav\u00e9s de pessoas da sua mesma idade, com grupos que, de repente, n\u00e3o est\u00e3o informados corretamente\u201d, pondera Patr\u00edcia Oliveira.<\/p>\n<p>A especialista ressalta que o di\u00e1logo \u00e9 importante na inf\u00e2ncia e na adolesc\u00eancia. \u201cNa inf\u00e2ncia, para que a crian\u00e7a seja instru\u00edda sobre o que s\u00e3o partes \u00edntimas, quem que deve toc\u00e1-las, quais contextos isso deve acontecer, quais pessoas s\u00e3o autorizadas a fazer isso, e caso essa barreira for ultrapassada ela saber que deve informar para as pessoas de refer\u00eancia dela. No caso dos adolescentes, que \u00e9 um n\u00edvel diferente, porque eles est\u00e3o numa fase de desenvolvimento, de ebuli\u00e7\u00e3o hormonal, falar sobre as descobertas do corpo, do sexo e das consequ\u00eancias n\u00e3o vai sexualizar o adolescente, \u00e9 o contr\u00e1rio, \u00e9 contribuir para que ele aprenda a lidar com o seu corpo, com as rela\u00e7\u00f5es da idade, entendendo tamb\u00e9m sobre respeito, intimidade e cuidado com a sa\u00fade\u201d, finaliza Patr\u00edcia Oliveira.<\/p>\n","protected":false},"excerpt":{"rendered":"<p>Cerca de 14% dos nascimentos no Brasil s\u00e3o de m\u00e3es com at\u00e9 19 anos. Situa\u00e7\u00e3o pode ser vista como um problema de sa\u00fade p\u00fablica N\u00fameros do Sistema de Informa\u00e7\u00f5es sobre<\/p>\n","protected":false},"author":3,"featured_media":133473,"comment_status":"closed","ping_status":"closed","sticky":false,"template":"","format":"standard","meta":[],"categories":[305,150],"tags":[],"_links":{"self":[{"href":"https:\/\/diariodamanhapelotas.com.br\/site\/wp-json\/wp\/v2\/posts\/133472"}],"collection":[{"href":"https:\/\/diariodamanhapelotas.com.br\/site\/wp-json\/wp\/v2\/posts"}],"about":[{"href":"https:\/\/diariodamanhapelotas.com.br\/site\/wp-json\/wp\/v2\/types\/post"}],"author":[{"embeddable":true,"href":"https:\/\/diariodamanhapelotas.com.br\/site\/wp-json\/wp\/v2\/users\/3"}],"replies":[{"embeddable":true,"href":"https:\/\/diariodamanhapelotas.com.br\/site\/wp-json\/wp\/v2\/comments?post=133472"}],"version-history":[{"count":1,"href":"https:\/\/diariodamanhapelotas.com.br\/site\/wp-json\/wp\/v2\/posts\/133472\/revisions"}],"predecessor-version":[{"id":133475,"href":"https:\/\/diariodamanhapelotas.com.br\/site\/wp-json\/wp\/v2\/posts\/133472\/revisions\/133475"}],"wp:featuredmedia":[{"embeddable":true,"href":"https:\/\/diariodamanhapelotas.com.br\/site\/wp-json\/wp\/v2\/media\/133473"}],"wp:attachment":[{"href":"https:\/\/diariodamanhapelotas.com.br\/site\/wp-json\/wp\/v2\/media?parent=133472"}],"wp:term":[{"taxonomy":"category","embeddable":true,"href":"https:\/\/diariodamanhapelotas.com.br\/site\/wp-json\/wp\/v2\/categories?post=133472"},{"taxonomy":"post_tag","embeddable":true,"href":"https:\/\/diariodamanhapelotas.com.br\/site\/wp-json\/wp\/v2\/tags?post=133472"}],"curies":[{"name":"wp","href":"https:\/\/api.w.org\/{rel}","templated":true}]}}