{"id":133492,"date":"2024-02-23T18:37:51","date_gmt":"2024-02-23T21:37:51","guid":{"rendered":"https:\/\/diariodamanhapelotas.com.br\/site\/?p=133492"},"modified":"2024-02-23T18:37:51","modified_gmt":"2024-02-23T21:37:51","slug":"banho-nas-aguas-do-laranjal-e-desaconselhado","status":"publish","type":"post","link":"https:\/\/diariodamanhapelotas.com.br\/site\/banho-nas-aguas-do-laranjal-e-desaconselhado\/","title":{"rendered":"Banho nas \u00e1guas do Laranjal \u00e9 desaconselhado"},"content":{"rendered":"<h3 style=\"text-align: center;\"><em>Dos oito pontos impr\u00f3prio em todo o RS, cinco s\u00e3o em Pelotas. Temporada 2023-2024 do projeto se encerra na pr\u00f3xima semana<\/em><\/h3>\n<p>A Funda\u00e7\u00e3o Estadual de Prote\u00e7\u00e3o Ambiental (Fepam) divulgou, nesta sexta-feira (23\/2), o pen\u00faltimo boletim da temporada 2023-2024 do projeto Balneabilidade. Dos 91 pontos analisados no Estado, 83 est\u00e3o pr\u00f3prios para banho.\u00a0Os\u00a0oito a seguir apresentam condi\u00e7\u00e3o impr\u00f3pria:<\/p>\n<ul>\n<li>\u00a0Barra do Ribeiro\u00a0&#8211;\u00a0Praia Recanto das Mulatas &#8211; Lago Gua\u00edba<\/li>\n<li>\u00a0Candel\u00e1ria\u00a0&#8211;\u00a0Balne\u00e1rio Carlos Larger &#8211; Rio Pardo<\/li>\n<li><strong>\u00a0Pelotas\u00a0&#8211;\u00a0Valverde &#8211; Trapiche<\/strong><\/li>\n<li><strong>\u00a0Pelotas\u00a0&#8211;\u00a0Valverde &#8211; Av. Sen. Joaquim A. de Assun\u00e7\u00e3o<\/strong><\/li>\n<li><strong>\u00a0Pelotas\u00a0&#8211;\u00a0Santo Ant\u00f4nio &#8211; Rua Bag\u00e9<\/strong><\/li>\n<li><strong>\u00a0Pelotas\u00a0&#8211;\u00a0Santo Ant\u00f4nio &#8211; Av. Rio Grande do Sul<\/strong><\/li>\n<li><strong>\u00a0Pelotas\u00a0&#8211;\u00a0Santo Ant\u00f4nio &#8211; Restaurante<\/strong><\/li>\n<li>\u00a0Restinga Seca &#8211;\u00a0Balne\u00e1rio das Tunas &#8211; Rio Vacaca\u00ed<\/li>\n<\/ul>\n<p>Deixaram a lista de impr\u00f3prios,\u00a0nesta semana,\u00a0a Praia Passo Real, em Dom Pedrito, e o Balne\u00e1rio Rebelo, em Tapes.<\/p>\n<ul>\n<li><strong><a href=\"https:\/\/drive.google.com\/file\/d\/1KvZ5MTg7MsEGl9rIUFROkhfFioFdCFgj\/view?usp=sharing\" target=\"_blank\" rel=\"noopener noreferrer\">Planilha completa<\/a><\/strong><\/li>\n<\/ul>\n<p>A recomenda\u00e7\u00e3o \u00e9 que os banhistas evitem pontos impr\u00f3prios e arredores, especialmente junto \u00e0s \u00e1guas que chegam \u00e0s praias por tubula\u00e7\u00e3o, arroios ou rios. O alerta vale principalmente para\u00a0crian\u00e7as, idosos e pessoas com baixa imunidade.<\/p>\n<p style=\"text-align: center;\"><strong>Divulga\u00e7\u00e3o<\/strong><\/p>\n<p>Os boletins de qualidade da \u00e1gua s\u00e3o divulgados semanalmente, sempre \u00e0s sextas-feiras, no\u00a0<a href=\"https:\/\/www.fepam.rs.gov.br\/inicial\" target=\"_blank\" rel=\"noopener noreferrer\">site da Fepam<\/a>, m\u00eddias sociais e no\u00a0<a href=\"https:\/\/secweb.procergs.com.br\/baln-consulta\/\" target=\"_blank\" rel=\"noopener noreferrer\">web aplicativo Balneabilidade<\/a>. A \u00faltima edi\u00e7\u00e3o sair\u00e1 na pr\u00f3xima semana, quando se encerra esta temporada do projeto.<\/p>\n<p>Os avisos de local pr\u00f3prio ou impr\u00f3prio para banho tamb\u00e9m devem estar em destaque em placas informativas fixadas junto aos pontos de coleta de \u00e1gua. Ressalta-se que a instala\u00e7\u00e3o das placas e a atualiza\u00e7\u00e3o do resultado da semana (pr\u00f3prio ou impr\u00f3prio) \u00e9 de responsabilidade das prefeituras, numa a\u00e7\u00e3o de sa\u00fade p\u00fablica.<\/p>\n<h4 style=\"text-align: center;\"><strong>Classifica\u00e7\u00e3o<\/strong><\/h4>\n<p>Para identificar se as condi\u00e7\u00f5es de balneabilidade em determinado local s\u00e3o adequadas, s\u00e3o analisados dois indicadores:<\/p>\n<ul>\n<li>\u00a0Escherichia coli, tamb\u00e9m chamada de E.coli, bact\u00e9ria cuja presen\u00e7a em abund\u00e2ncia na \u00e1gua indica contamina\u00e7\u00e3o por fezes;<\/li>\n<li>\u00a0e\u00a0cianobact\u00e9rias, ou algas azuis, que podem ocorrer em qualquer manancial superficial.<\/li>\n<\/ul>\n<p>Os par\u00e2metros utilizados est\u00e3o previstos nas resolu\u00e7\u00f5es Conama n\u00ba 274\/2000 e n\u00ba 357\/2005. As cianobact\u00e9rias s\u00e3o analisadas somente nos balne\u00e1rios de Os\u00f3rio (Lagoa Peixoto), Pelotas e Tapes.<\/p>\n<p>O resultado est\u00e1 condicionado a\u00a0cinco semanas de monitoramento. Se, ao longo desse per\u00edodo, duas ou mais amostras do conjunto apresentarem resultado\u00a0superior a 800\u00a0para E.coli ou, ainda, se a amostra mais recente das cinco avaliadas apresentar resultado\u00a0maior que 2.000\u00a0para E.coli, o ponto ser\u00e1 classificado como impr\u00f3prio. O mesmo ocorre se a contagem de cianobact\u00e9rias\u00a0extrapolar 50.000\u00a0c\u00e9lulas.<\/p>\n<h4 style=\"text-align: center;\"><strong>Realiza\u00e7\u00e3o<\/strong><\/h4>\n<p>As coletas em \u00e1gua salgada no Litoral Norte e respectivas an\u00e1lises s\u00e3o feitas pela Fepam, por meio da Ger\u00eancia Regional do Litoral Norte Sema-Fepam (Gerlit) e da Divis\u00e3o de Laborat\u00f3rios (Dilab). O projeto \u00e9 coordenado pelo Departamento de Qualidade Ambiental (DQA).<\/p>\n<p>J\u00e1 os demais pontos s\u00e3o monitorados com apoio da Companhia Riograndense de Saneamento (Corsan) e do Servi\u00e7o Aut\u00f4nomo de Saneamento de Pelotas (Sanep).<\/p>\n<h4 style=\"text-align: center;\">Recomenda\u00e7\u00f5es aos banhistas:<\/h4>\n<ul>\n<li>\u00a0Entre na \u00e1gua apenas em local com condi\u00e7\u00e3o pr\u00f3pria\u00a0para banho;<\/li>\n<li>\u00a0evite tomar banho, nas primeiras 24 horas ap\u00f3s chuvas intensas, em sa\u00eddas de c\u00f3rregos ou rios que afluem nas praias, pois as \u00e1guas podem estar contaminadas por esgotos dom\u00e9sticos;<\/li>\n<li>\u00a0evite o mergulho em locais com concentra\u00e7\u00e3o de algas, pois podem conter toxinas prejudiciais \u00e0 sa\u00fade;<\/li>\n<li>\u00a0tenha aten\u00e7\u00e3o especial com crian\u00e7as, idosos e pessoas com baixa imunidade.<\/li>\n<\/ul>\n","protected":false},"excerpt":{"rendered":"<p>Dos oito pontos impr\u00f3prio em todo o RS, cinco s\u00e3o em Pelotas. Temporada 2023-2024 do projeto se encerra na pr\u00f3xima semana A Funda\u00e7\u00e3o Estadual de Prote\u00e7\u00e3o Ambiental (Fepam) divulgou, nesta<\/p>\n","protected":false},"author":3,"featured_media":133106,"comment_status":"closed","ping_status":"closed","sticky":false,"template":"","format":"standard","meta":[],"categories":[305,149],"tags":[],"_links":{"self":[{"href":"https:\/\/diariodamanhapelotas.com.br\/site\/wp-json\/wp\/v2\/posts\/133492"}],"collection":[{"href":"https:\/\/diariodamanhapelotas.com.br\/site\/wp-json\/wp\/v2\/posts"}],"about":[{"href":"https:\/\/diariodamanhapelotas.com.br\/site\/wp-json\/wp\/v2\/types\/post"}],"author":[{"embeddable":true,"href":"https:\/\/diariodamanhapelotas.com.br\/site\/wp-json\/wp\/v2\/users\/3"}],"replies":[{"embeddable":true,"href":"https:\/\/diariodamanhapelotas.com.br\/site\/wp-json\/wp\/v2\/comments?post=133492"}],"version-history":[{"count":1,"href":"https:\/\/diariodamanhapelotas.com.br\/site\/wp-json\/wp\/v2\/posts\/133492\/revisions"}],"predecessor-version":[{"id":133493,"href":"https:\/\/diariodamanhapelotas.com.br\/site\/wp-json\/wp\/v2\/posts\/133492\/revisions\/133493"}],"wp:featuredmedia":[{"embeddable":true,"href":"https:\/\/diariodamanhapelotas.com.br\/site\/wp-json\/wp\/v2\/media\/133106"}],"wp:attachment":[{"href":"https:\/\/diariodamanhapelotas.com.br\/site\/wp-json\/wp\/v2\/media?parent=133492"}],"wp:term":[{"taxonomy":"category","embeddable":true,"href":"https:\/\/diariodamanhapelotas.com.br\/site\/wp-json\/wp\/v2\/categories?post=133492"},{"taxonomy":"post_tag","embeddable":true,"href":"https:\/\/diariodamanhapelotas.com.br\/site\/wp-json\/wp\/v2\/tags?post=133492"}],"curies":[{"name":"wp","href":"https:\/\/api.w.org\/{rel}","templated":true}]}}