{"id":134098,"date":"2024-03-27T19:11:58","date_gmt":"2024-03-27T22:11:58","guid":{"rendered":"https:\/\/diariodamanhapelotas.com.br\/site\/?p=134098"},"modified":"2024-03-27T19:11:58","modified_gmt":"2024-03-27T22:11:58","slug":"municipio-apresenta-propostas-para-data-base-dos-servidores","status":"publish","type":"post","link":"https:\/\/diariodamanhapelotas.com.br\/site\/municipio-apresenta-propostas-para-data-base-dos-servidores\/","title":{"rendered":"Munic\u00edpio apresenta propostas para data-base dos servidores"},"content":{"rendered":"<h3 style=\"text-align: center;\"><em>Administra\u00e7\u00e3o Municipal detalhou duas alternativas poss\u00edveis para o Sindicato da classe<\/em><\/h3>\n<p>A\u00a0Administra\u00e7\u00e3o Municipal\u00a0apresentou, nesta quarta-feira (27), duas propostas para a\u00a0data-base dos servidores\u00a0aos integrantes do\u00a0Sindicato dos Municip\u00e1rios de Pelotas\u00a0(Simp). A primeira alternativa consiste no\u00a0aumento de 25%\u00a0(R$ 100,00) no\u00a0vale-alimenta\u00e7\u00e3o, que passar\u00e1 a ter o valor de\u00a0R$ 500,00, sem percentual de reajuste nos vencimentos. A segunda possibilidade\u00a0prev\u00ea aumento de R$ 50,00 (12,5%)\u00a0no vale e\u00a01,2% de recomposi\u00e7\u00e3o\u00a0nos vencimentos.<\/p>\n<p>As propostas levam em conta o atual cen\u00e1rio econ\u00f4mico do Munic\u00edpio. O limite prudencial do comprometimento com a folha atingiu 52,41%, muito pr\u00f3ximo do m\u00e1ximo permitido pela Lei de Responsabilidade Fiscal, de 54%. Al\u00e9m disso, a proje\u00e7\u00e3o da Secretaria Municipal da Fazenda \u00e9 que 2024 termine com d\u00e9ficit financeiro de R$ 280 milh\u00f5es em rela\u00e7\u00e3o ao or\u00e7amento projetado.<\/p>\n<p>O reajuste do vale, em percentual substancialmente superior \u00e0 infla\u00e7\u00e3o do per\u00edodo, s\u00f3 ser\u00e1 poss\u00edvel porque as despesas com o benef\u00edcio n\u00e3o s\u00e3o computadas como gastos com pessoal e n\u00e3o incidem sobre o limite prudencial de 54%.<\/p>\n<p>Tamb\u00e9m acompanharam a reuni\u00e3o a coordenadora de Transpar\u00eancia e Controle Interno, Tavane Krause, os secret\u00e1rios da Fazenda, Cristian Kuster, e de Governo e A\u00e7\u00f5es Estrat\u00e9gicas, F\u00e1bio Machado, o procurador geral do Munic\u00edpio, Eduardo Trindade, e a chefe de Gabinete, Kelli Baum.<\/p>\n<p>&nbsp;<\/p>\n<p><em>Foto: Michel Corvello<\/em><\/p>\n","protected":false},"excerpt":{"rendered":"<p>Administra\u00e7\u00e3o Municipal detalhou duas alternativas poss\u00edveis para o Sindicato da classe A\u00a0Administra\u00e7\u00e3o Municipal\u00a0apresentou, nesta quarta-feira (27), duas propostas para a\u00a0data-base dos servidores\u00a0aos integrantes do\u00a0Sindicato dos Municip\u00e1rios de Pelotas\u00a0(Simp). A primeira<\/p>\n","protected":false},"author":3,"featured_media":134099,"comment_status":"closed","ping_status":"closed","sticky":false,"template":"","format":"standard","meta":[],"categories":[305,149],"tags":[],"_links":{"self":[{"href":"https:\/\/diariodamanhapelotas.com.br\/site\/wp-json\/wp\/v2\/posts\/134098"}],"collection":[{"href":"https:\/\/diariodamanhapelotas.com.br\/site\/wp-json\/wp\/v2\/posts"}],"about":[{"href":"https:\/\/diariodamanhapelotas.com.br\/site\/wp-json\/wp\/v2\/types\/post"}],"author":[{"embeddable":true,"href":"https:\/\/diariodamanhapelotas.com.br\/site\/wp-json\/wp\/v2\/users\/3"}],"replies":[{"embeddable":true,"href":"https:\/\/diariodamanhapelotas.com.br\/site\/wp-json\/wp\/v2\/comments?post=134098"}],"version-history":[{"count":1,"href":"https:\/\/diariodamanhapelotas.com.br\/site\/wp-json\/wp\/v2\/posts\/134098\/revisions"}],"predecessor-version":[{"id":134100,"href":"https:\/\/diariodamanhapelotas.com.br\/site\/wp-json\/wp\/v2\/posts\/134098\/revisions\/134100"}],"wp:featuredmedia":[{"embeddable":true,"href":"https:\/\/diariodamanhapelotas.com.br\/site\/wp-json\/wp\/v2\/media\/134099"}],"wp:attachment":[{"href":"https:\/\/diariodamanhapelotas.com.br\/site\/wp-json\/wp\/v2\/media?parent=134098"}],"wp:term":[{"taxonomy":"category","embeddable":true,"href":"https:\/\/diariodamanhapelotas.com.br\/site\/wp-json\/wp\/v2\/categories?post=134098"},{"taxonomy":"post_tag","embeddable":true,"href":"https:\/\/diariodamanhapelotas.com.br\/site\/wp-json\/wp\/v2\/tags?post=134098"}],"curies":[{"name":"wp","href":"https:\/\/api.w.org\/{rel}","templated":true}]}}