{"id":134190,"date":"2024-04-03T19:50:36","date_gmt":"2024-04-03T22:50:36","guid":{"rendered":"https:\/\/diariodamanhapelotas.com.br\/site\/?p=134190"},"modified":"2024-04-03T19:50:36","modified_gmt":"2024-04-03T22:50:36","slug":"sanep-promove-pratica-educativa-do-projeto-mudas-de-saber","status":"publish","type":"post","link":"https:\/\/diariodamanhapelotas.com.br\/site\/sanep-promove-pratica-educativa-do-projeto-mudas-de-saber\/","title":{"rendered":"Sanep promove pr\u00e1tica educativa do projeto Mudas de Saber"},"content":{"rendered":"<h3 style=\"text-align: center;\"><em>A atividade realizada com os alunos da escola Anita Malfatti teve como objetivo estimular a educa\u00e7\u00e3o ambiental com plantio de \u00e1rvores nativas<\/em><\/h3>\n<p>O Sanep promoveu, nesta quarta-feira (3), a\u00e7\u00e3o educativa do projeto Mudas de Saber, visando incentivar a educa\u00e7\u00e3o ambiental, desde a primeira inf\u00e2ncia, por meio de pr\u00e1ticas sustent\u00e1veis. Os alunos da escola municipal de educa\u00e7\u00e3o infantil (Emei) Anita Malfatti participaram da atividade, realizando o plantio de \u00e1rvores nativas no novo Ecoponto Gotuzzo que, em breve, ser\u00e1 inaugurado no Fragata.<\/p>\n<p>Cerca de 40 crian\u00e7as das turmas pr\u00e9-escolar 1 e 2 participaram da atividade realizada durante os turnos da manh\u00e3 e tarde. Os alunos foram organizados em grupos e cada um ficou respons\u00e1vel pelo plantio de uma esp\u00e9cie de \u00e1rvore nativa, incluindo ip\u00ea amarelo, manac\u00e1-da-serra, pitangueira, anacauita, quaresmeira e pata-de-vaca. Ao finalizar a pr\u00e1tica, os pequenos foram premiados com medalhas e certificados de participa\u00e7\u00e3o como forma de incentivo.<\/p>\n<p>A diretora-presidente do Sanep, Michele Alsina, esteve presente e enfatizou \u00a0a import\u00e2ncia de estimular a educa\u00e7\u00e3o ambiental na comunidade escolar &#8220;Hoje, essas crian\u00e7as se tornam os campe\u00f5es da natureza e recebem, merecidamente, essas medalhas. \u00c9 um projeto muito importante para conectar saneamento b\u00e1sico, meio ambiente e as novas gera\u00e7\u00f5es que ser\u00e3o respons\u00e1veis por tornar o mundo cada vez melhor&#8221;, disse.<\/p>\n<p>A coordenadora da Emei, Luciana Matos, parabenizou o Sanep pelo projeto, ressaltando a oportunidade de integrar a teoria ensinada aos alunos em sala de aula com a experi\u00eancia pr\u00e1tica. &#8220;Quando o Sanep nos procurou, ficamos muito felizes. J\u00e1 trabalhamos na escola a parte te\u00f3rica sobre meio ambiente, que \u00e9 fundamental. Fazer essa atividade no Ecoponto, localizado ao lado da escola e que os alunos poder\u00e3o visitar com mais frequ\u00eancia, \u00e9 muito importante&#8221;, enfatizou.<\/p>\n<p><img loading=\"lazy\" class=\" wp-image-134191 aligncenter\" src=\"https:\/\/diariodamanhapelotas.com.br\/site\/wp-content\/uploads\/2024\/04\/sanep-ambiental.jpeg\" alt=\"\" width=\"674\" height=\"390\" srcset=\"https:\/\/diariodamanhapelotas.com.br\/site\/wp-content\/uploads\/2024\/04\/sanep-ambiental.jpeg 800w, https:\/\/diariodamanhapelotas.com.br\/site\/wp-content\/uploads\/2024\/04\/sanep-ambiental-300x174.jpeg 300w, https:\/\/diariodamanhapelotas.com.br\/site\/wp-content\/uploads\/2024\/04\/sanep-ambiental-150x87.jpeg 150w, https:\/\/diariodamanhapelotas.com.br\/site\/wp-content\/uploads\/2024\/04\/sanep-ambiental-768x444.jpeg 768w\" sizes=\"(max-width: 674px) 100vw, 674px\" \/><br \/>\nAs atividades foram conduzidas pela Divis\u00e3o de Licenciamento e Fiscaliza\u00e7\u00e3o Ambiental (DFA), em parceria com o N\u00facleo de Educa\u00e7\u00e3o Ambiental em Saneamento (Neas) e Departamento de Res\u00edduos S\u00f3lidos (Ders) da autarquia.<\/p>\n<p>&nbsp;<\/p>\n<p><em>Fotos: Matheus Cabistany<\/em><\/p>\n","protected":false},"excerpt":{"rendered":"<p>A atividade realizada com os alunos da escola Anita Malfatti teve como objetivo estimular a educa\u00e7\u00e3o ambiental com plantio de \u00e1rvores nativas O Sanep promoveu, nesta quarta-feira (3), a\u00e7\u00e3o educativa<\/p>\n","protected":false},"author":3,"featured_media":134192,"comment_status":"closed","ping_status":"closed","sticky":false,"template":"","format":"standard","meta":[],"categories":[305,149],"tags":[],"_links":{"self":[{"href":"https:\/\/diariodamanhapelotas.com.br\/site\/wp-json\/wp\/v2\/posts\/134190"}],"collection":[{"href":"https:\/\/diariodamanhapelotas.com.br\/site\/wp-json\/wp\/v2\/posts"}],"about":[{"href":"https:\/\/diariodamanhapelotas.com.br\/site\/wp-json\/wp\/v2\/types\/post"}],"author":[{"embeddable":true,"href":"https:\/\/diariodamanhapelotas.com.br\/site\/wp-json\/wp\/v2\/users\/3"}],"replies":[{"embeddable":true,"href":"https:\/\/diariodamanhapelotas.com.br\/site\/wp-json\/wp\/v2\/comments?post=134190"}],"version-history":[{"count":1,"href":"https:\/\/diariodamanhapelotas.com.br\/site\/wp-json\/wp\/v2\/posts\/134190\/revisions"}],"predecessor-version":[{"id":134193,"href":"https:\/\/diariodamanhapelotas.com.br\/site\/wp-json\/wp\/v2\/posts\/134190\/revisions\/134193"}],"wp:featuredmedia":[{"embeddable":true,"href":"https:\/\/diariodamanhapelotas.com.br\/site\/wp-json\/wp\/v2\/media\/134192"}],"wp:attachment":[{"href":"https:\/\/diariodamanhapelotas.com.br\/site\/wp-json\/wp\/v2\/media?parent=134190"}],"wp:term":[{"taxonomy":"category","embeddable":true,"href":"https:\/\/diariodamanhapelotas.com.br\/site\/wp-json\/wp\/v2\/categories?post=134190"},{"taxonomy":"post_tag","embeddable":true,"href":"https:\/\/diariodamanhapelotas.com.br\/site\/wp-json\/wp\/v2\/tags?post=134190"}],"curies":[{"name":"wp","href":"https:\/\/api.w.org\/{rel}","templated":true}]}}