{"id":134262,"date":"2024-04-08T14:30:51","date_gmt":"2024-04-08T17:30:51","guid":{"rendered":"https:\/\/diariodamanhapelotas.com.br\/site\/?p=134262"},"modified":"2024-04-08T14:30:51","modified_gmt":"2024-04-08T17:30:51","slug":"prefeitura-apresenta-programa-crianca-e-natureza","status":"publish","type":"post","link":"https:\/\/diariodamanhapelotas.com.br\/site\/prefeitura-apresenta-programa-crianca-e-natureza\/","title":{"rendered":"Prefeitura apresenta programa Crian\u00e7a e Natureza"},"content":{"rendered":"<h3 style=\"text-align: center;\"><em>Proposta re\u00fane e consolida a\u00e7\u00f5es de desenvolvimento infantil e educa\u00e7\u00e3o ambiental<\/em><\/h3>\n<p>A\u00a0unifica\u00e7\u00e3o dos projetos\u00a0de cria\u00e7\u00e3o de espa\u00e7os, atividades educativas e interven\u00e7\u00f5es direcionadas \u00e0s inter-rela\u00e7\u00f5es das\u00a0crian\u00e7as e o meio ambiente\u00a0no Munic\u00edpio define a proposta do\u00a0programa Crian\u00e7a e Natureza.\u00a0A iniciativa foi apresentada \u00e0\u00a0prefeita Paula Mascarenhas, na manh\u00e3 da sexta-feira (5), no Pa\u00e7o Municipal.<\/p>\n<p>O programa foi idealizado pela Secretaria de Qualidade Ambiental (SQA) a partir das a\u00e7\u00f5es planejadas para atender a proposta focal do governo definida como Pelotas, Cidade das Crian\u00e7as. A realiza\u00e7\u00e3o envolve uma parceria com as secretarias de Educa\u00e7\u00e3o, Gest\u00e3o da Cidade e Mobilidade Urbana e Sanep. A grande aposta \u00e9 reunir todas as iniciativas, facilitando a execu\u00e7\u00e3o e o acessos \u00e0s melhorias.<\/p>\n<p>&#8220;Temos v\u00e1rias a\u00e7\u00f5es que envolvem meio ambiente, conscientiza\u00e7\u00e3o ambiental, preserva\u00e7\u00e3o da natureza e crian\u00e7as, a partir da primeira inf\u00e2ncia, que \u00e9 a prioridade deste mandato. Esses projetos j\u00e1 s\u00e3o intersetoriais e hoje estamos lan\u00e7ando essa proposta que vem para aglutinar todas as nossas a\u00e7\u00f5es de est\u00edmulo ao desenvolvimento das crian\u00e7as ao ar livre e a rela\u00e7\u00e3o delas com os espa\u00e7os urbanos, ficando mais f\u00e1cil para que a popula\u00e7\u00e3o reconhe\u00e7a como a\u00e7\u00e3o priorit\u00e1ria do nosso governo&#8221;, ressaltou Paula.<\/p>\n<p>Conforme o titular da SQA, Eduardo Schaefer, esse \u00e9 o resultado de uma constru\u00e7\u00e3o iniciada no ano passado, a partir dos conceitos do Urban 95 e das estrat\u00e9gias do Pacto Pelotas pela Paz, com v\u00e1rios grupos transversais de discuss\u00e3o e com os t\u00e9cnicos de atua\u00e7\u00e3o junto \u00e0s escolas. O protagonismo das a\u00e7\u00f5es fica por conta dos projetos de P\u00e1tios Naturalizados nas escolas.<\/p>\n<p>&#8220;A ideia \u00e9 integrar as diferentes a\u00e7\u00f5es de educa\u00e7\u00e3o ambiental que essas secretarias realizam a uma iniciativa maior, que \u00e9 o Crian\u00e7a e Natureza. Quando fazemos um projeto, em uma Emei de P\u00e1tio Naturalizados, vamos integrar uma s\u00e9rie de outras a\u00e7\u00f5es de outras secretarias que se adequem \u00e0quele local, como hortas e pomares escolares, o Mudas do Saber do Sanep e os trabalhos pedag\u00f3gicos&#8221;, detalhou Schaefer.<\/p>\n<h4 style=\"text-align: center;\"><strong>Projetos que integram o Crian\u00e7a e Natureza<\/strong><\/h4>\n<p>Est\u00e3o inseridos neste programa os projetos P\u00e1tios Naturalizados nas escolas, Atividades L\u00fadicas, Horta para Todos (hortas ecol\u00f3gicas), projeto Pau Brasil, Pomares Escolares, Educa\u00e7\u00e3o Animalista, da SQA; Sala Verde, Mudas do Saber e Adote uma Escola dentre outros do Sanep.<\/p>\n<p>At\u00e9 o momento j\u00e1 foram realizadas forma\u00e7\u00e3o de t\u00e9cnicos com o coletivo Taboa, forma\u00e7\u00e3o para a rede municipal com sensibiliza\u00e7\u00e3o para todas as secretarias, percurso formativo in loco em seis Emeis, constru\u00e7\u00e3o de P\u00e1tios Naturalizados em cinco Emeis, Smed\/SQA\/SGCMU, show do Gambano, in\u00edcio de Parque Naturalizado na Baronesa, Parque Naturalizado no Residencial da Estrada do Engenho.<\/p>\n<p>Acompanharam a reuni\u00e3o a secret\u00e1ria de Educa\u00e7\u00e3o, Adriane Esperan\u00e7a; a diretora-presidente do Sanep Michele Alsina, a assessora especial do Programa Pelotas, Cidade das Crian\u00e7as, Carmem Roig, e servidores t\u00e9cnicos do Smed, Sanep, SQA e Mobilidade Urbana.<\/p>\n<p>&nbsp;<\/p>\n<p>Foto: Gustavo Vara<\/p>\n","protected":false},"excerpt":{"rendered":"<p>Proposta re\u00fane e consolida a\u00e7\u00f5es de desenvolvimento infantil e educa\u00e7\u00e3o ambiental A\u00a0unifica\u00e7\u00e3o dos projetos\u00a0de cria\u00e7\u00e3o de espa\u00e7os, atividades educativas e interven\u00e7\u00f5es direcionadas \u00e0s inter-rela\u00e7\u00f5es das\u00a0crian\u00e7as e o meio ambiente\u00a0no Munic\u00edpio<\/p>\n","protected":false},"author":3,"featured_media":134263,"comment_status":"closed","ping_status":"closed","sticky":false,"template":"","format":"standard","meta":[],"categories":[305,149],"tags":[],"_links":{"self":[{"href":"https:\/\/diariodamanhapelotas.com.br\/site\/wp-json\/wp\/v2\/posts\/134262"}],"collection":[{"href":"https:\/\/diariodamanhapelotas.com.br\/site\/wp-json\/wp\/v2\/posts"}],"about":[{"href":"https:\/\/diariodamanhapelotas.com.br\/site\/wp-json\/wp\/v2\/types\/post"}],"author":[{"embeddable":true,"href":"https:\/\/diariodamanhapelotas.com.br\/site\/wp-json\/wp\/v2\/users\/3"}],"replies":[{"embeddable":true,"href":"https:\/\/diariodamanhapelotas.com.br\/site\/wp-json\/wp\/v2\/comments?post=134262"}],"version-history":[{"count":1,"href":"https:\/\/diariodamanhapelotas.com.br\/site\/wp-json\/wp\/v2\/posts\/134262\/revisions"}],"predecessor-version":[{"id":134264,"href":"https:\/\/diariodamanhapelotas.com.br\/site\/wp-json\/wp\/v2\/posts\/134262\/revisions\/134264"}],"wp:featuredmedia":[{"embeddable":true,"href":"https:\/\/diariodamanhapelotas.com.br\/site\/wp-json\/wp\/v2\/media\/134263"}],"wp:attachment":[{"href":"https:\/\/diariodamanhapelotas.com.br\/site\/wp-json\/wp\/v2\/media?parent=134262"}],"wp:term":[{"taxonomy":"category","embeddable":true,"href":"https:\/\/diariodamanhapelotas.com.br\/site\/wp-json\/wp\/v2\/categories?post=134262"},{"taxonomy":"post_tag","embeddable":true,"href":"https:\/\/diariodamanhapelotas.com.br\/site\/wp-json\/wp\/v2\/tags?post=134262"}],"curies":[{"name":"wp","href":"https:\/\/api.w.org\/{rel}","templated":true}]}}