{"id":14059,"date":"2014-03-08T10:17:41","date_gmt":"2014-03-08T13:17:41","guid":{"rendered":"http:\/\/diariodamanhapelotas.com.br\/site\/?p=14059"},"modified":"2014-03-08T10:17:41","modified_gmt":"2014-03-08T13:17:41","slug":"livro-fetter-junior-lanca-biografia","status":"publish","type":"post","link":"https:\/\/diariodamanhapelotas.com.br\/site\/livro-fetter-junior-lanca-biografia\/","title":{"rendered":"LIVRO : Fetter J\u00fanior lan\u00e7a biografia"},"content":{"rendered":"<h2 style=\"text-align: center;\">\nEx-deputado federal e prefeito de Pelotas, Adolfo Fetter Jr. \u00a0conta sua trajet\u00f3ria pessoal e pol\u00edtica<\/h2>\n<p><a href=\"http:\/\/diariodamanhapelotas.com.br\/site\/wp-content\/uploads\/2014\/03\/Livro-Fetter.jpg\" rel=\"lightbox\" title=\"LIVRO : Fetter J\u00fanior lan\u00e7a biografia\"><img loading=\"lazy\" class=\"alignleft size-medium wp-image-14084\" alt=\"Livro Fetter\" src=\"http:\/\/diariodamanhapelotas.com.br\/site\/wp-content\/uploads\/2014\/03\/Livro-Fetter-225x300.jpg\" width=\"225\" height=\"300\" srcset=\"https:\/\/diariodamanhapelotas.com.br\/site\/wp-content\/uploads\/2014\/03\/Livro-Fetter-225x300.jpg 225w, https:\/\/diariodamanhapelotas.com.br\/site\/wp-content\/uploads\/2014\/03\/Livro-Fetter.jpg 420w\" sizes=\"(max-width: 225px) 100vw, 225px\" \/><\/a>Adolfo Fetter Jr. precisou de quase 400 p\u00e1ginas para contar a hist\u00f3ria de sua vida. Vereador, deputado federal por tr\u00eas mandatos consecutivos, secret\u00e1rio de Estado, vice-prefeito e prefeito, Fetter Jr. acumulou fun\u00e7\u00f5es p\u00fablicas lutando pela Zona Sul do Estado, em especial pela cidade de Pelotas. Graduado em Administra\u00e7\u00e3o de Empresas e Agronomia, com mestrado e doutorado na \u00e1rea de Pol\u00edticas P\u00fablicas, Fetter Jr. conseguiu, desde cedo, conciliar a carreira pol\u00edtica com a de homem do campo, administrando as terras e a granja da fam\u00edlia no interior.<\/p>\n<p>Em <i>Da Vida<\/i><i> e Da Pol\u00edtica \u2013 O que vivi, o que fiz e o que penso<\/i>, o pol\u00edtico e escritor pelotense (membro da Academia Pelotense de Letras) come\u00e7a seu relato no ano de 1825, com a chegada de seus antepassados alem\u00e3es (os Vetter, como era grafado na \u00e9poca o hoje aportuguesado Fetter) ao Brasil. A partir da\u00ed, apresenta brevemente a hist\u00f3ria do av\u00f4, Adolfo Fetter, o primeiro pol\u00edtico da fam\u00edlia. Tamb\u00e9m de forma sucinta, descreve as biografias do pai, Adolpho Antonio Fetter, e do tio, Edmar Fetter, que estabeleceram a tradi\u00e7\u00e3o pol\u00edtica dos Fetter, constituindo-se na segunda gera\u00e7\u00e3o de homens p\u00fablicos da fam\u00edlia.<\/p>\n<p>No segundo cap\u00edtulo, o autor d\u00e1 \u00eanfase \u00e0 forma\u00e7\u00e3o de Administrador e Agr\u00f4nomo, o mestrado, o doutorado, o casamento com Leila Fetter (arquiteta e professora, que tamb\u00e9m ocupou cargos pol\u00edticos), a chegada das quatro filhas, o trabalho no campo (na granja da fam\u00edlia), o come\u00e7o da carreira pol\u00edtica como vereador e os tr\u00eas mandatos no Congresso Nacional. A maturidade pol\u00edtica e suas mais importantes miss\u00f5es s\u00e3o o foco do terceiro cap\u00edtulo: a Prefeitura de Pelotas, primeiro como vice-prefeito, depois como prefeito interino e definitivo, a reelei\u00e7\u00e3o hist\u00f3rica de 2008 e a tarefa de administrar uma das maiores cidades ga\u00fachas pela segunda vez s\u00e3o os assuntos.<\/p>\n<p>Organizado, Fetter sempre trabalhou com registros \u2013 relat\u00f3rios, planilhas e an\u00e1lises \u2013 da atua\u00e7\u00e3o acad\u00eamica, empresarial e pol\u00edtica. De posse desse material, ficou mais f\u00e1cil escrever os cap\u00edtulos seguintes, nos quais detalha as principais a\u00e7\u00f5es e desafios como prefeito de Pelotas. Nesta parte reveladora do livro, nada fica de fora. O autor mostra os n\u00fameros, as etapas e as prioridades de sua gest\u00e3o. \u201cTentei repassar o que pensamos em fazer, como a equipe se mobilizou para atingir os objetivos e os resultados obtidos\u201d, antecipa. De forma did\u00e1tica, com interessantes e reveladores relatos dos bastidores pol\u00edticos, Fetter Jr. apresenta o que se pode considerar um <i>case <\/i>de administra\u00e7\u00e3o p\u00fablica. Para ele, n\u00e3o existe uma f\u00f3rmula pronta que se aplique a todas as realidades e circunst\u00e2ncias, mas acredita que o leitor possa aprender com as suas experi\u00eancias e inspirar-se para definir o que fazer e como atingir o que se pretende.<\/p>\n<p>O pref\u00e1cio da obra \u00e9 da senadora Ana Am\u00e9lia Lemos, cujo entendimento \u00e9 de que conhecer a trajet\u00f3ria do ex-deputado federal e ex-prefeito de Pelotas \u00e9 entender como nascem e prosperam voca\u00e7\u00f5es pol\u00edticas de s\u00f3lidas convic\u00e7\u00f5es. \u201cA biografia de Fetter Jr., influenciada pela realidade pol\u00edtica de uma grande cidade ga\u00facha, mostra um caminho aos que desejam dedicar parte de sua vida \u00e0 pol\u00edtica e \u00e0 promo\u00e7\u00e3o do bem-estar social\u201d, escreveu Ana Am\u00e9lia.<\/p>\n<p><i>Da Vida e Da Pol\u00edtica \u2013 O que vivi, o que fiz e o que penso, <\/i>\u00e9 o quarto livro escrito por Adolfo Fetter Jr. (al\u00e9m das monografias de mestrado e doutorado e de diversas publica\u00e7\u00f5es em que relata sua atividade parlamentar). O lan\u00e7amento da obra e a sess\u00e3o de aut\u00f3grafos est\u00e3o marcados para o dia 20 de mar\u00e7o, quinta-feira, a partir das 18 horas, na Biblioteca P\u00fablica Pelotense. No dia 26, \u00e0s 18 horas, o lan\u00e7amento ser\u00e1 no Memorial da Assembleia Legislativa do Rio Grande do Sul.<\/p>\n<p style=\"text-align: left;\"><b><span style=\"text-decoration: underline;\">Lan\u00e7amento em Pelotas<\/span>:<\/b><\/p>\n<ul style=\"text-align: left;\">\n<li><b>QUANDO:<\/b> quinta-feira, 20 de mar\u00e7o, \u00e0s 18horas.<\/li>\n<li><b>ONDE: <\/b>Biblioteca P\u00fablica Pelotense.<\/li>\n<\/ul>\n<p style=\"text-align: left;\"><b><span style=\"text-decoration: underline;\">Lan\u00e7amento de Porto Alegre<\/span><\/b><b><br \/>\n<\/b><\/p>\n<ul style=\"text-align: left;\">\n<li><b>QUANDO:<\/b> quarta-feira, 26 de mar\u00e7o, \u00e0s 18 horas.<\/li>\n<li><b>ONDE:<\/b>Memorial do Legislativo \u2013 RS (Assembleia Legislativa do Rio Grande do Sul) \u2013 Rua Duque de Caxias, 1029.<\/li>\n<\/ul>\n<p style=\"text-align: left;\">\n","protected":false},"excerpt":{"rendered":"<p>Ex-deputado federal e prefeito de Pelotas, Adolfo Fetter Jr. \u00a0conta sua trajet\u00f3ria pessoal e pol\u00edtica Adolfo Fetter Jr. precisou de quase 400 p\u00e1ginas para contar a hist\u00f3ria de sua vida.<\/p>\n","protected":false},"author":4,"featured_media":14084,"comment_status":"closed","ping_status":"closed","sticky":false,"template":"","format":"standard","meta":[],"categories":[305,32],"tags":[],"_links":{"self":[{"href":"https:\/\/diariodamanhapelotas.com.br\/site\/wp-json\/wp\/v2\/posts\/14059"}],"collection":[{"href":"https:\/\/diariodamanhapelotas.com.br\/site\/wp-json\/wp\/v2\/posts"}],"about":[{"href":"https:\/\/diariodamanhapelotas.com.br\/site\/wp-json\/wp\/v2\/types\/post"}],"author":[{"embeddable":true,"href":"https:\/\/diariodamanhapelotas.com.br\/site\/wp-json\/wp\/v2\/users\/4"}],"replies":[{"embeddable":true,"href":"https:\/\/diariodamanhapelotas.com.br\/site\/wp-json\/wp\/v2\/comments?post=14059"}],"version-history":[{"count":2,"href":"https:\/\/diariodamanhapelotas.com.br\/site\/wp-json\/wp\/v2\/posts\/14059\/revisions"}],"predecessor-version":[{"id":14086,"href":"https:\/\/diariodamanhapelotas.com.br\/site\/wp-json\/wp\/v2\/posts\/14059\/revisions\/14086"}],"wp:featuredmedia":[{"embeddable":true,"href":"https:\/\/diariodamanhapelotas.com.br\/site\/wp-json\/wp\/v2\/media\/14084"}],"wp:attachment":[{"href":"https:\/\/diariodamanhapelotas.com.br\/site\/wp-json\/wp\/v2\/media?parent=14059"}],"wp:term":[{"taxonomy":"category","embeddable":true,"href":"https:\/\/diariodamanhapelotas.com.br\/site\/wp-json\/wp\/v2\/categories?post=14059"},{"taxonomy":"post_tag","embeddable":true,"href":"https:\/\/diariodamanhapelotas.com.br\/site\/wp-json\/wp\/v2\/tags?post=14059"}],"curies":[{"name":"wp","href":"https:\/\/api.w.org\/{rel}","templated":true}]}}