{"id":14065,"date":"2014-03-08T09:58:16","date_gmt":"2014-03-08T12:58:16","guid":{"rendered":"http:\/\/diariodamanhapelotas.com.br\/site\/?p=14065"},"modified":"2014-03-08T09:58:16","modified_gmt":"2014-03-08T12:58:16","slug":"nena-fora-tem-vaga-no-ataque-xavante","status":"publish","type":"post","link":"https:\/\/diariodamanhapelotas.com.br\/site\/nena-fora-tem-vaga-no-ataque-xavante\/","title":{"rendered":"NENA FORA : Tem vaga no ataque Xavante"},"content":{"rendered":"<h2 style=\"text-align: center;\">Dinei e L\u00e9o Dias disputam posi\u00e7\u00e3o no time xavante que joga em Lajeado<\/h2>\n<div id=\"attachment_14066\" style=\"width: 310px\" class=\"wp-caption alignright\"><a href=\"http:\/\/diariodamanhapelotas.com.br\/site\/wp-content\/uploads\/2014\/03\/foto-1-p\u00e1gina-161.jpg\" rel=\"lightbox\" title=\"NENA FORA : Tem vaga no ataque Xavante\"><img aria-describedby=\"caption-attachment-14066\" loading=\"lazy\" class=\"size-medium wp-image-14066\" alt=\"Dinei pode ter neste domingo a primeira chance de come\u00e7ar uma partida como titular do Brasil Foto: Carlos Insaurriaga\/Assessoria GEB  \" src=\"http:\/\/diariodamanhapelotas.com.br\/site\/wp-content\/uploads\/2014\/03\/foto-1-p\u00e1gina-161-300x200.jpg\" width=\"300\" height=\"200\" srcset=\"https:\/\/diariodamanhapelotas.com.br\/site\/wp-content\/uploads\/2014\/03\/foto-1-p\u00e1gina-161-300x200.jpg 300w, https:\/\/diariodamanhapelotas.com.br\/site\/wp-content\/uploads\/2014\/03\/foto-1-p\u00e1gina-161.jpg 736w\" sizes=\"(max-width: 300px) 100vw, 300px\" \/><\/a><p id=\"caption-attachment-14066\" class=\"wp-caption-text\">Dinei pode ter neste domingo a primeira chance de come\u00e7ar uma partida como titular do Brasil<br \/>Foto: Carlos Insaurriaga\/Assessoria GEB<\/p><\/div>\n<p>Tem vaga aberta no ataque do Brasil para a partida de domingo diante do Lajeadense, na Arena Alviazul, pela 13\u00aa rodada do Campeonato Ga\u00facho. O artilheiro do time no Gauch\u00e3o, o centroavante Nena (autor de cinco gols na competi\u00e7\u00e3o), est\u00e1 suspenso pelo terceiro cart\u00e3o amarelo. Pelo menos motivo, M\u00e1rcio Hahn \u00e9 outro que fica fora da partida. Em compensa\u00e7\u00e3o, Washington retorna ao time, depois de ter cumprido suspens\u00e3o na vit\u00f3ria de 2 a 0 diante do Juventude.<\/p>\n<p>Dois s\u00e3o os candidatos a ocupar a vaga de Nena no comando de ataque do Brasil. Dinei pode ter a primeira chance de come\u00e7ar uma partida como titular. Ele vem sendo aproveitado com frequ\u00eancia no segundo tempo dos jogos. A outra op\u00e7\u00e3o \u00e9 L\u00e9o Dias, que foi escalado, dia 26 de fevereiro, contra o Inter \u2013 justamente nesta posi\u00e7\u00e3o de ataque, embora atuando um pouco mais recuado, na intermedi\u00e1ria advers\u00e1ria.<\/p>\n<p>M\u00e1rcio Hahn \u00e9 o 12\u00ba titular do Brasil \u2013 seja come\u00e7ando a partida, quando tem alguma aus\u00eancia no meio-campo ou entrando no decorrer do segundo tempo. Sem ele, Zimmermann perde uma alternativa muito usada nos jogos deste Gauch\u00e3o. O time para enfrentar o Lajeadense deve ser Luiz M\u00fcller; Wender, Evaldo, Fernando Cardozo e Rafael Forster; Leandro Leite, Washington, Cleiton e T\u00falio Souza; Alex Amado e Dinei (L\u00e9o Dias).<\/p>\n<p>O Lajeadense ocupa a quarta coloca\u00e7\u00e3o do Grupo 1, com 16 pontos, mas sofre a press\u00e3o de S\u00e3o Jos\u00e9 e Aimor\u00e9. Os dois possuem um ponto a menos na briga pela classifica\u00e7\u00e3o para as quartas de final.<\/p>\n<h2>Para confirmar classifica\u00e7\u00e3o<\/h2>\n<p><a href=\"http:\/\/diariodamanhapelotas.com.br\/site\/wp-content\/uploads\/2014\/03\/foto-2-p\u00e1gina-16.jpg\" rel=\"lightbox\" title=\"NENA FORA : Tem vaga no ataque Xavante\"><img loading=\"lazy\" class=\"alignleft  wp-image-14067\" alt=\"foto 2 p\u00e1gina 16\" src=\"http:\/\/diariodamanhapelotas.com.br\/site\/wp-content\/uploads\/2014\/03\/foto-2-p\u00e1gina-16-300x197.jpg\" width=\"180\" height=\"118\" srcset=\"https:\/\/diariodamanhapelotas.com.br\/site\/wp-content\/uploads\/2014\/03\/foto-2-p\u00e1gina-16-300x197.jpg 300w, https:\/\/diariodamanhapelotas.com.br\/site\/wp-content\/uploads\/2014\/03\/foto-2-p\u00e1gina-16.jpg 800w\" sizes=\"(max-width: 180px) 100vw, 180px\" \/><\/a>O Brasil est\u00e1 muito perto de garantir o segundo objetivo neste Gauch\u00e3o: o da classifica\u00e7\u00e3o para as quartas de final. A vaga pode ser assegurada neste domingo. Para isso basta a vit\u00f3ria diante do Lajeadense, \u00e0s 17h, na Arena Alviazul, em Lajeado. O empate pode ser suficiente \u2013 desde que S\u00e3o Jos\u00e9 e Aimor\u00e9 n\u00e3o ven\u00e7am suas partidas, que s\u00e3o contra Veran\u00f3polis, no Ant\u00f4nio David Farina; e Internacional, em S\u00e3o Leopoldo, respectivamente.<\/p>\n<p>Depois de assegurar a classifica\u00e7\u00e3o, o Brasil vai pensar em garantir a segunda coloca\u00e7\u00e3o da chave, o que lhe d\u00e1 o direito de fazer o jogo das quartas de final no Bento Freitas. Pela classifica\u00e7\u00e3o atual, o time de Rog\u00e9rio Zimmermann enfrentaria o Novo Hamburgo em Pelotas. A terceira meta \u00e9 a de obter vaga na S\u00e9rie D do Brasileiro. Para isso \u00e9 preciso ser o melhor time na classifica\u00e7\u00e3o geral do Campeonato Ga\u00facho (exceto os que j\u00e1 possuem vaga em outras divis\u00f5es do certame nacional) ou ser finalista do Gauch\u00e3o.<\/p>\n<p>O primeiro objetivo (j\u00e1 alcan\u00e7ado antecipadamente) foi o de permanecer na primeira divis\u00e3o em 2015.<\/p>\n","protected":false},"excerpt":{"rendered":"<p>Dinei e L\u00e9o Dias disputam posi\u00e7\u00e3o no time xavante que joga em Lajeado Tem vaga aberta no ataque do Brasil para a partida de domingo diante do Lajeadense, na Arena<\/p>\n","protected":false},"author":4,"featured_media":14066,"comment_status":"closed","ping_status":"closed","sticky":false,"template":"","format":"standard","meta":[],"categories":[305,29],"tags":[],"_links":{"self":[{"href":"https:\/\/diariodamanhapelotas.com.br\/site\/wp-json\/wp\/v2\/posts\/14065"}],"collection":[{"href":"https:\/\/diariodamanhapelotas.com.br\/site\/wp-json\/wp\/v2\/posts"}],"about":[{"href":"https:\/\/diariodamanhapelotas.com.br\/site\/wp-json\/wp\/v2\/types\/post"}],"author":[{"embeddable":true,"href":"https:\/\/diariodamanhapelotas.com.br\/site\/wp-json\/wp\/v2\/users\/4"}],"replies":[{"embeddable":true,"href":"https:\/\/diariodamanhapelotas.com.br\/site\/wp-json\/wp\/v2\/comments?post=14065"}],"version-history":[{"count":1,"href":"https:\/\/diariodamanhapelotas.com.br\/site\/wp-json\/wp\/v2\/posts\/14065\/revisions"}],"predecessor-version":[{"id":14068,"href":"https:\/\/diariodamanhapelotas.com.br\/site\/wp-json\/wp\/v2\/posts\/14065\/revisions\/14068"}],"wp:featuredmedia":[{"embeddable":true,"href":"https:\/\/diariodamanhapelotas.com.br\/site\/wp-json\/wp\/v2\/media\/14066"}],"wp:attachment":[{"href":"https:\/\/diariodamanhapelotas.com.br\/site\/wp-json\/wp\/v2\/media?parent=14065"}],"wp:term":[{"taxonomy":"category","embeddable":true,"href":"https:\/\/diariodamanhapelotas.com.br\/site\/wp-json\/wp\/v2\/categories?post=14065"},{"taxonomy":"post_tag","embeddable":true,"href":"https:\/\/diariodamanhapelotas.com.br\/site\/wp-json\/wp\/v2\/tags?post=14065"}],"curies":[{"name":"wp","href":"https:\/\/api.w.org\/{rel}","templated":true}]}}