{"id":14071,"date":"2014-03-08T10:03:00","date_gmt":"2014-03-08T13:03:00","guid":{"rendered":"http:\/\/diariodamanhapelotas.com.br\/site\/?p=14071"},"modified":"2014-03-08T10:03:00","modified_gmt":"2014-03-08T13:03:00","slug":"agonia-do-lobo-quadro-se-torna-dramatico","status":"publish","type":"post","link":"https:\/\/diariodamanhapelotas.com.br\/site\/agonia-do-lobo-quadro-se-torna-dramatico\/","title":{"rendered":"AGONIA DO LOBO : Quadro se torna dram\u00e1tico"},"content":{"rendered":"<h2 style=\"text-align: center;\">Risco iminente de rebaixamento preocupa os \u00e1ureo-cer\u00faleos e Conselho deixa reuni\u00e3o em aberto<\/h2>\n<div id=\"attachment_14072\" style=\"width: 310px\" class=\"wp-caption alignright\"><a href=\"http:\/\/diariodamanhapelotas.com.br\/site\/wp-content\/uploads\/2014\/03\/foto-1-p\u00e1gina-171.jpg\" rel=\"lightbox\" title=\"AGONIA DO LOBO : Quadro se torna dram\u00e1tico\"><img aria-describedby=\"caption-attachment-14072\" loading=\"lazy\" class=\"size-medium wp-image-14072\" alt=\"Pelotas luta indiretamente com o S\u00e3o Paulo para fugir do rebaixamento Foto: Alisson Assump\u00e7\u00e3o\/DM  \" src=\"http:\/\/diariodamanhapelotas.com.br\/site\/wp-content\/uploads\/2014\/03\/foto-1-p\u00e1gina-171-300x212.jpg\" width=\"300\" height=\"212\" srcset=\"https:\/\/diariodamanhapelotas.com.br\/site\/wp-content\/uploads\/2014\/03\/foto-1-p\u00e1gina-171-300x212.jpg 300w, https:\/\/diariodamanhapelotas.com.br\/site\/wp-content\/uploads\/2014\/03\/foto-1-p\u00e1gina-171.jpg 800w\" sizes=\"(max-width: 300px) 100vw, 300px\" \/><\/a><p id=\"caption-attachment-14072\" class=\"wp-caption-text\">Pelotas luta indiretamente com o S\u00e3o Paulo para fugir do rebaixamento<br \/>Foto: Alisson Assump\u00e7\u00e3o\/DM<\/p><\/div>\n<p>A situa\u00e7\u00e3o do Pelotas na tabela de classifica\u00e7\u00e3o do Campeonato Ga\u00facho j\u00e1 era dif\u00edcil antes da derrota de 3 a 1 para o Novo Hamburgo, quinta-feira, no Est\u00e1dio do Vale. Agora \u00e9 dram\u00e1tica. Para escapar do rebaixamento por conta pr\u00f3pria \u00e9 preciso vencer os tr\u00eas jogos restantes: S\u00e3o Luiz e Caxias na Boca do Lobo; e Gr\u00eamio na Arena. Com duas vit\u00f3rias at\u00e9 pode ser poss\u00edvel sua perman\u00eancia na primeira divis\u00e3o, mas desde que ocorra a combina\u00e7\u00e3o de resultados paralelos.<\/p>\n<p>Apreensivo com a situa\u00e7\u00e3o do clube no Gauch\u00e3o, o Conselho Deliberativo se reuniu na quinta-feira (justamente quando o time enfrentava o Novo Hamburgo). O presidente do \u00f3rg\u00e3o, Moacir Elias, informa que a reuni\u00e3o ficou em aberto. \u201cIsso permite a retomada da reuni\u00e3o sem a necessidade de publica\u00e7\u00e3o de edital\u201d, explica. \u201cA situa\u00e7\u00e3o \u00e9 muito complicada, mas s\u00f3 podemos fazer uma avalia\u00e7\u00e3o mais profunda ap\u00f3s o campeonato\u201d, completa.<\/p>\n<p>O presidente do clube, \u00cdtalo Gomes, acredita que a contribui\u00e7\u00e3o dos conselheiros neste momento poderia chegar atrav\u00e9s de apoio aos jogadores e \u00e0 comiss\u00e3o t\u00e9cnica. \u201cMas o Conselho est\u00e1 trabalhando mais no planejamento do clube para o segundo semestre e para a pr\u00f3xima temporada. Quanto \u00e0 quest\u00e3o do futebol, o problema ter\u00e1 que ser resolvido dentro de campo pela equipe\u201d, afirma o dirigente.<\/p>\n<p>Gomes n\u00e3o acredita que o Esportivo seja punido com a perda de pontos por causa da denuncia de atos racistas de sua torcida. \u201cO que pode ocorrer \u00e9 a perda do mando de campo e at\u00e9 multa. Sinceramente, n\u00e3o acredito em perda de pontos\u201d, completa.<\/p>\n<h2>Dispensas, les\u00f5es e suspens\u00e3o<\/h2>\n<div id=\"attachment_14073\" style=\"width: 310px\" class=\"wp-caption alignleft\"><a href=\"http:\/\/diariodamanhapelotas.com.br\/site\/wp-content\/uploads\/2014\/03\/foto-2-p\u00e1gina-171.jpg\" rel=\"lightbox\" title=\"AGONIA DO LOBO : Quadro se torna dram\u00e1tico\"><img aria-describedby=\"caption-attachment-14073\" loading=\"lazy\" class=\"size-medium wp-image-14073\" alt=\"Cesar Santiago teve o contrato rescindindo, ap\u00f3s m\u00e1 atua\u00e7\u00e3o na quinta-feira Foto: Alisson Assump\u00e7\u00e3o\/DM  \" src=\"http:\/\/diariodamanhapelotas.com.br\/site\/wp-content\/uploads\/2014\/03\/foto-2-p\u00e1gina-171-300x206.jpg\" width=\"300\" height=\"206\" srcset=\"https:\/\/diariodamanhapelotas.com.br\/site\/wp-content\/uploads\/2014\/03\/foto-2-p\u00e1gina-171-300x206.jpg 300w, https:\/\/diariodamanhapelotas.com.br\/site\/wp-content\/uploads\/2014\/03\/foto-2-p\u00e1gina-171.jpg 800w\" sizes=\"(max-width: 300px) 100vw, 300px\" \/><\/a><p id=\"caption-attachment-14073\" class=\"wp-caption-text\">Cesar Santiago teve o contrato rescindindo, ap\u00f3s m\u00e1 atua\u00e7\u00e3o na quinta-feira<br \/>Foto: Alisson Assump\u00e7\u00e3o\/DM<\/p><\/div>\n<p>Gilmar foi elemento importante do Pelotas na conquista dos t\u00edtulos do ano passado. Sua fun\u00e7\u00e3o t\u00e1tica, seus gols e o gesto da rajada de metralhadora ao comemorar com a torcida eram sin\u00f4nimos de prest\u00edgio na Boca do Lobo. Cesar Santiago encantou nos primeiros jogos do ano. Um volante de for\u00e7a e vol\u00fapia ofensiva \u2013 autor de um lindo gol na virada \u00e9pica sobre o Inter na decis\u00e3o da Recopa.<\/p>\n<p>Em menos de dois meses, os dois se tornaram s\u00edmbolos do fracasso da equipe no Gauch\u00e3o. Tanto que foram dispensados nesta sexta-feira. Outro que pode estar indo embora, encerrando uma passagem mete\u00f3rica pelo clube, \u00e9 Wagner Libano. O meia nem acompanhou a delega\u00e7\u00e3o para a partida em Novo Hamburgo. O presidente \u00cdtalo Gomes n\u00e3o confirmou a rescis\u00e3o de contrato do jogador. \u201cIsso pode acontecer, mas n\u00e3o tem nada certo ainda\u201d, disse o dirigente.<\/p>\n<p>Al\u00e9m dos tr\u00eas citados, o t\u00e9cnico Luiz Carlos Barbieri n\u00e3o poder\u00e1 contar no jogo deste domingo, contra o S\u00e3o Luiz, \u00e0s 17h, na Boca do Lobo, com Tiago Ga\u00facho e Gadelha, que se lesionaram na partida em Novo Hamburgo. Pedr\u00e3o tamb\u00e9m est\u00e1 fora dos planos por causa do terceiro cart\u00e3o amarelo. Mithyu\u00ea, que sentiu c\u00e2imbras nas duas pernas no jogo passado, \u00e9 d\u00favida. A prov\u00e1vel escala\u00e7\u00e3o \u00e9 Roger Kath; Michel, Fred, Bruno Salvador e Alex; Igor e Jeferson Costa; Lucas, Carlos Alberto e Mithyu\u00ea (Sotilli); Rafael Santiago.<\/p>\n","protected":false},"excerpt":{"rendered":"<p>Risco iminente de rebaixamento preocupa os \u00e1ureo-cer\u00faleos e Conselho deixa reuni\u00e3o em aberto A situa\u00e7\u00e3o do Pelotas na tabela de classifica\u00e7\u00e3o do Campeonato Ga\u00facho j\u00e1 era dif\u00edcil antes da derrota<\/p>\n","protected":false},"author":4,"featured_media":14072,"comment_status":"closed","ping_status":"closed","sticky":false,"template":"","format":"standard","meta":[],"categories":[305,29],"tags":[],"_links":{"self":[{"href":"https:\/\/diariodamanhapelotas.com.br\/site\/wp-json\/wp\/v2\/posts\/14071"}],"collection":[{"href":"https:\/\/diariodamanhapelotas.com.br\/site\/wp-json\/wp\/v2\/posts"}],"about":[{"href":"https:\/\/diariodamanhapelotas.com.br\/site\/wp-json\/wp\/v2\/types\/post"}],"author":[{"embeddable":true,"href":"https:\/\/diariodamanhapelotas.com.br\/site\/wp-json\/wp\/v2\/users\/4"}],"replies":[{"embeddable":true,"href":"https:\/\/diariodamanhapelotas.com.br\/site\/wp-json\/wp\/v2\/comments?post=14071"}],"version-history":[{"count":1,"href":"https:\/\/diariodamanhapelotas.com.br\/site\/wp-json\/wp\/v2\/posts\/14071\/revisions"}],"predecessor-version":[{"id":14074,"href":"https:\/\/diariodamanhapelotas.com.br\/site\/wp-json\/wp\/v2\/posts\/14071\/revisions\/14074"}],"wp:featuredmedia":[{"embeddable":true,"href":"https:\/\/diariodamanhapelotas.com.br\/site\/wp-json\/wp\/v2\/media\/14072"}],"wp:attachment":[{"href":"https:\/\/diariodamanhapelotas.com.br\/site\/wp-json\/wp\/v2\/media?parent=14071"}],"wp:term":[{"taxonomy":"category","embeddable":true,"href":"https:\/\/diariodamanhapelotas.com.br\/site\/wp-json\/wp\/v2\/categories?post=14071"},{"taxonomy":"post_tag","embeddable":true,"href":"https:\/\/diariodamanhapelotas.com.br\/site\/wp-json\/wp\/v2\/tags?post=14071"}],"curies":[{"name":"wp","href":"https:\/\/api.w.org\/{rel}","templated":true}]}}