{"id":14077,"date":"2014-03-08T10:08:35","date_gmt":"2014-03-08T13:08:35","guid":{"rendered":"http:\/\/diariodamanhapelotas.com.br\/site\/?p=14077"},"modified":"2014-03-08T10:08:35","modified_gmt":"2014-03-08T13:08:35","slug":"teatro-de-animacao-narra-a-vida-do-autor-saint-exupery","status":"publish","type":"post","link":"https:\/\/diariodamanhapelotas.com.br\/site\/teatro-de-animacao-narra-a-vida-do-autor-saint-exupery\/","title":{"rendered":"Teatro de anima\u00e7\u00e3o narra a vida do autor Saint-Exup\u00e9ry"},"content":{"rendered":"<div id=\"attachment_14078\" style=\"width: 310px\" class=\"wp-caption alignright\"><a href=\"http:\/\/diariodamanhapelotas.com.br\/site\/wp-content\/uploads\/2014\/03\/Exup\u00e9ry-by-Roberta-Bittencourt.jpg\" rel=\"lightbox\" title=\"Teatro de anima\u00e7\u00e3o narra a vida do autor Saint-Exup\u00e9ry\"><img aria-describedby=\"caption-attachment-14078\" loading=\"lazy\" class=\"size-medium wp-image-14078\" alt=\"Cia. M\u00fatua de Itaja\u00ed viabiliza turn\u00ea atrav\u00e9s do Pr\u00eamio Funarte de Teatro  - Foto: Roberta Bittencourt \" src=\"http:\/\/diariodamanhapelotas.com.br\/site\/wp-content\/uploads\/2014\/03\/Exup\u00e9ry-by-Roberta-Bittencourt-300x232.jpg\" width=\"300\" height=\"232\" srcset=\"https:\/\/diariodamanhapelotas.com.br\/site\/wp-content\/uploads\/2014\/03\/Exup\u00e9ry-by-Roberta-Bittencourt-300x232.jpg 300w, https:\/\/diariodamanhapelotas.com.br\/site\/wp-content\/uploads\/2014\/03\/Exup\u00e9ry-by-Roberta-Bittencourt.jpg 774w\" sizes=\"(max-width: 300px) 100vw, 300px\" \/><\/a><p id=\"caption-attachment-14078\" class=\"wp-caption-text\">Cia. M\u00fatua de Itaja\u00ed viabiliza turn\u00ea atrav\u00e9s do Pr\u00eamio Funarte de Teatro &#8211; Foto: Roberta Bittencourt<\/p><\/div>\n<p><b>Q<\/b>uinta-feira \u00e0s 19h e 21h no \u201cTablado de Teatro\u201d da UFPel, exibi\u00e7\u00f5es gratuitas do espet\u00e1culo \u201cExup\u00e9ry\u201d. Trata-se de etapa local da turn\u00ea que, no Estado, tamb\u00e9m ter\u00e1 apresenta\u00e7\u00f5es em Caxias do Sul, Porto Alegre e Passo Fundo. A montagem \u00e9 da Cia. M\u00fatua de teatro de anima\u00e7\u00e3o. O grupo proveniente de Itaja\u00ed divulga que a maratona pelo Pa\u00eds, decorre do Pr\u00eamio Funarte de Teatro Myriam Muniz 2012, iniciativa do Minist\u00e9rio da Cultura.<\/p>\n<p><b>ESPET\u00c1CULO <\/b>de acordo com o grupo: \u201cAntes de ter se tornado mundialmente conhecido pelo romance \u2018O Pequeno Pr\u00edncipe\u2019, Saint-Exup\u00e9ry trabalhou para a Companhia de Correio A\u00e9reo A\u00e9ropostale, entregando cartas em escalas de voos di\u00e1rios, que se estendiam pela Europa, \u00c1frica e Am\u00e9rica do Sul. No Brasil a \u2018linha\u2019 ia de Natal (RN) a Pelotas (RS). \u00c9 neste contexto, dentro de um hangar, sem uma \u00fanica fala que \u00e9 encenada a montagem do espet\u00e1culo \u2018Um Pr\u00edncipe Chamado Exup\u00e9ry\u2019. A pe\u00e7a tem dura\u00e7\u00e3o de cinquenta minutos, capacidade para uma plateia de sessenta pessoas e destinada ao p\u00fablico adulto\u201d.<\/p>\n<p><b>ELOGIO<\/b> \u2013 Integrantes da Cia. M\u00fatua acrescentam: \u201cPara a montagem do espet\u00e1culo, estudamos a vida e obra de Antoine de Saint-Exup\u00e9ry, com pesquisa de campo na Fran\u00e7a e no Brasil. Familiares de Saint-Exup\u00e9ry tamb\u00e9m assistiram \u00e0 pe\u00e7a no Brasil e ficaram impressionados com a montagem. \u2018N\u00e3o esper\u00e1vamos que a hist\u00f3ria de nosso tio-av\u00f4 fosse retratada de forma t\u00e3o m\u00e1gica e fiel \u00e0 realidade. O boneco \u00e9 muito parecido com ele\u2019, comentaram H\u00e9l\u00e8ne de S\u00e8ze e Isabelle d\u2019Agay, sobrinhas-netas de Saint-Exup\u00e9ry\u201d.<\/p>\n<p><b>CIA. M\u00daTUA<\/b> foi fundada em 1993. Desde 2002 o grupo pesquisa teatro de anima\u00e7\u00e3o. Tamb\u00e9m dedica-se ao clown, pantomima e narrativa c\u00eanica. Na trajet\u00f3ria doze premia\u00e7\u00f5es nacionais e internacionais. Em festivais, participa\u00e7\u00f5es na Fran\u00e7a, Espanha, Chile e Argentina. No repert\u00f3rio: \u201cEx\u00edlios\u201d (2013); \u201cUm pr\u00edncipe chamado exup\u00e9ry\u201d (2010); \u201cFlashes da Vida\u201d (2007); \u201cFelizes para sempre\u201d (2005); \u201cTeatro Lambe-Lambe\u201d (05); \u201cA Caixa\u201d (04). Na internet: ciamutua.com.br\/home<\/p>\n<h2 style=\"text-align: center;\"><b>Tecnologia para realiza\u00e7\u00e3o de objetivos\u00a0<\/b><\/h2>\n<p><b>D<\/b>ia 15 das 13h30min \u00e0s 18h, psic\u00f3loga Ana Beatriz Medeiros Brito estar\u00e1 ministrando o workshop \u201cCriando objetivos e gerando prosperidade para 2014\u201d.\u00a0 Inscri\u00e7\u00f5es at\u00e9 quinta-feira. Como local, espa\u00e7o \u201cLumi\u00e8re Livros e Presentes\u201d \u2013 rua Andrade Neves 2.881. Informa\u00e7\u00f5es: 3028.2585. E-mail: <a href=\"mailto:lumierepelotas@yahoo.com.br\">lumierepelotas@yahoo.com.br<\/a><\/p>\n<p><b>CONTE\u00daDO<\/b> abranger\u00e1: import\u00e2ncia de tra\u00e7ar objetivos; tecnologia da realiza\u00e7\u00e3o de objetivos; obst\u00e1culos para atingir objetivos; autoavalia\u00e7\u00e3o; escolha de resultados desejados para 2014; limpeza de obst\u00e1culos; gerando prosperidade.<\/p>\n<div id=\"attachment_14079\" style=\"width: 220px\" class=\"wp-caption alignleft\"><a href=\"http:\/\/diariodamanhapelotas.com.br\/site\/wp-content\/uploads\/2014\/03\/Ana-Beatriz-Medeiros-Brito.jpg\" rel=\"lightbox\" title=\"Teatro de anima\u00e7\u00e3o narra a vida do autor Saint-Exup\u00e9ry\"><img aria-describedby=\"caption-attachment-14079\" loading=\"lazy\" class=\" wp-image-14079 \" alt=\"Psic\u00f3loga Ana Beatriz Medeiros Brito divulga programa\u00e7\u00e3o\" src=\"http:\/\/diariodamanhapelotas.com.br\/site\/wp-content\/uploads\/2014\/03\/Ana-Beatriz-Medeiros-Brito-300x225.jpg\" width=\"210\" height=\"158\" srcset=\"https:\/\/diariodamanhapelotas.com.br\/site\/wp-content\/uploads\/2014\/03\/Ana-Beatriz-Medeiros-Brito-300x225.jpg 300w, https:\/\/diariodamanhapelotas.com.br\/site\/wp-content\/uploads\/2014\/03\/Ana-Beatriz-Medeiros-Brito.jpg 800w\" sizes=\"(max-width: 210px) 100vw, 210px\" \/><\/a><p id=\"caption-attachment-14079\" class=\"wp-caption-text\">Psic\u00f3loga Ana Beatriz Medeiros Brito divulga programa\u00e7\u00e3o<\/p><\/div>\n<p><b>METODOLOGIA<\/b> conforme a ministrante: \u201cNum clima de descontra\u00e7\u00e3o, o programa \u00e9 constitu\u00eddo de exposi\u00e7\u00e3o dialogada, t\u00e9cnicas e viv\u00eancias que despertam sua criatividade e desenvolvem os recursos necess\u00e1rios para a cria\u00e7\u00e3o e obten\u00e7\u00e3o de resultados desejados. A base \u00e9 a Programa\u00e7\u00e3o Neurolingu\u00edstica e Coaching\u201d. Na internet: anabeatrizbrito.blogspot.com.br. E-mail: <a href=\"http:\/\/mail.uol.com.br\/compose?to=abmbrito@gmail.com\" target=\"_blank\">abmbrito@gmail.com<\/a><\/p>\n<p><b>SUCESSO<\/b> \u2013 Ana Beatriz explica: \u201cCada um vive de acordo com os seus prop\u00f3sitos, de acordo com a suas prioridades, sua hist\u00f3ria, seus recursos. Tendo consci\u00eancia ou n\u00e3o. Algumas pessoas, as de sucesso, a cada ano, fazem projetos e cumprem um ritual para realiz\u00e1-los; outros fazem planos e os esquecem em sua mem\u00f3ria ou em uma gaveta qualquer e, quando chega o fim do ano, sentem-se chateados, tristes, decepcionados ou qualquer outra denomina\u00e7\u00e3o que d\u00eaem para suas frustra\u00e7\u00f5es devido ao seu desleixo e outros ainda, apenas deixam a vida lhe levar. Qualquer caminho serve para quem n\u00e3o sabe onde quer chegar, sabia? E isso pode ser danoso\u201d.<\/p>\n<h2 style=\"text-align: center;\"><b>Ciclo aborda filosofia\u00a0<\/b><b>e a m\u00fasica no cinema<\/b><\/h2>\n<p><b>N<\/b>a pr\u00f3xima semana acontecer\u00e1 abertura do ciclo \u201cA filosofia e a m\u00fasica no cinema\u201d. A informa\u00e7\u00e3o \u00e9 do prof. dr. Luis Rubira (UFPel), que idealizou e coordena o \u201cCine Filo\u201d. Na quinta edi\u00e7\u00e3o do projeto, a tem\u00e1tica ser\u00e1 a m\u00fasica. At\u00e9 19 de dezembro, como de praxe, sess\u00f5es \u00e0s 20h das sextas-feiras. Na programa\u00e7\u00e3o, quarenta filmes no Centro de Integra\u00e7\u00e3o do Mercosul \u2013 rua Andrade Neves n\u00ba 1.529.<\/p>\n<p><b>SENHAS<\/b> \u2013 Rubira acrescenta que, a exemplo de anos anteriores, n\u00e3o ser\u00e1 cobrado ingresso. Por\u00e9m, senhas dever\u00e3o ser retiradas no local da exibi\u00e7\u00e3o, durante o dia da sess\u00e3o. A realiza\u00e7\u00e3o \u00e9 do Instituto de Filosofia, Sociologia e Pol\u00edtica da UFPel. Apoio do N\u00facleo de Estudos Fronteiri\u00e7os e Centro de Integra\u00e7\u00e3o do Mercosul.<\/p>\n<p><b>PROGRAMA\u00c7\u00c3O<\/b> ter\u00e1 blocos tem\u00e1ticos. Assim, abertura com o filme \u201cPink Floyd \u2013 The Wall\u201d. Na sequ\u00eancia, entre 21 de mar\u00e7o e 30 de maio, dez filmes no \u201cPrimeiro Movimento\u201d: \u201cNo Direction Home\u201d \u2013 Bob Dylan; \u201cJimi Hendrix\u201d; \u201cThe Doors\u201d; \u201cTropic\u00e1lia\u201d; \u201cOne plus one\u201d (Rolling Stones); \u201cLoki\u201d \u2013 Arnaldo Baptista; \u201cWoodstock\u201d; \u201cRaul \u2013 o in\u00edcio, o fim e o meio\u201d; \u201cSid e Nancy\u201d; \u201cAmerican Pop\u201d.<\/p>\n<p><b>SEGUNDO <\/b>Movimento, com treze filmes, ser\u00e1 entre os dias 6 de junho e 29 de agosto. O \u201cTerceiro Movimento\u201d entre 5 de setembro e 31 de outubro. J\u00e1 o \u201cFinale\u201d entre 7 de novembro e 19 de dezembro.<\/p>\n<h6>Por Carlos Cogoy<\/h6>\n","protected":false},"excerpt":{"rendered":"<p>Quinta-feira \u00e0s 19h e 21h no \u201cTablado de Teatro\u201d da UFPel, exibi\u00e7\u00f5es gratuitas do espet\u00e1culo \u201cExup\u00e9ry\u201d. Trata-se de etapa local da turn\u00ea que, no Estado, tamb\u00e9m ter\u00e1 apresenta\u00e7\u00f5es em Caxias<\/p>\n","protected":false},"author":4,"featured_media":14078,"comment_status":"closed","ping_status":"closed","sticky":false,"template":"","format":"standard","meta":[],"categories":[305,32],"tags":[],"_links":{"self":[{"href":"https:\/\/diariodamanhapelotas.com.br\/site\/wp-json\/wp\/v2\/posts\/14077"}],"collection":[{"href":"https:\/\/diariodamanhapelotas.com.br\/site\/wp-json\/wp\/v2\/posts"}],"about":[{"href":"https:\/\/diariodamanhapelotas.com.br\/site\/wp-json\/wp\/v2\/types\/post"}],"author":[{"embeddable":true,"href":"https:\/\/diariodamanhapelotas.com.br\/site\/wp-json\/wp\/v2\/users\/4"}],"replies":[{"embeddable":true,"href":"https:\/\/diariodamanhapelotas.com.br\/site\/wp-json\/wp\/v2\/comments?post=14077"}],"version-history":[{"count":1,"href":"https:\/\/diariodamanhapelotas.com.br\/site\/wp-json\/wp\/v2\/posts\/14077\/revisions"}],"predecessor-version":[{"id":14080,"href":"https:\/\/diariodamanhapelotas.com.br\/site\/wp-json\/wp\/v2\/posts\/14077\/revisions\/14080"}],"wp:featuredmedia":[{"embeddable":true,"href":"https:\/\/diariodamanhapelotas.com.br\/site\/wp-json\/wp\/v2\/media\/14078"}],"wp:attachment":[{"href":"https:\/\/diariodamanhapelotas.com.br\/site\/wp-json\/wp\/v2\/media?parent=14077"}],"wp:term":[{"taxonomy":"category","embeddable":true,"href":"https:\/\/diariodamanhapelotas.com.br\/site\/wp-json\/wp\/v2\/categories?post=14077"},{"taxonomy":"post_tag","embeddable":true,"href":"https:\/\/diariodamanhapelotas.com.br\/site\/wp-json\/wp\/v2\/tags?post=14077"}],"curies":[{"name":"wp","href":"https:\/\/api.w.org\/{rel}","templated":true}]}}