{"id":14081,"date":"2014-03-08T10:13:14","date_gmt":"2014-03-08T13:13:14","guid":{"rendered":"http:\/\/diariodamanhapelotas.com.br\/site\/?p=14081"},"modified":"2014-03-08T10:13:14","modified_gmt":"2014-03-08T13:13:14","slug":"susepe-abre-concurso-para-agentes-penitenciarios","status":"publish","type":"post","link":"https:\/\/diariodamanhapelotas.com.br\/site\/susepe-abre-concurso-para-agentes-penitenciarios\/","title":{"rendered":"Susepe abre concurso para agentes penitenci\u00e1rios"},"content":{"rendered":"<p>Preencher 602 vagas para agentes penitenci\u00e1rios \u00e9 a meta da Superintend\u00eancia dos Servi\u00e7os Penitenci\u00e1rios (Susepe) ao divulgar o edital de concurso p\u00fablico para candidatos com curso superior em qualquer \u00e1rea.<\/p>\n<p>Aos candidatos com defici\u00eancia est\u00e3o reservadas 61 vagas oferecidas e para negros e pardos ser\u00e3o 97 vagas. O valor da taxa de inscri\u00e7\u00e3o \u00e9 de R$ 145,21 (cento e quarenta e cinco reais e vinte e um centavos).<\/p>\n<p>O vencimento inicial como titular do cargo de Agente Penitenci\u00e1rio classe A \u00e9 de R$ 3.190,89. A jornada de trabalho para todas as categorias funcionais \u00e9 de 40 horas\/semanais.<\/p>\n<p><strong>\u00a0<\/strong>As inscri\u00e7\u00f5es ser\u00e3o realizadas somente pela internet, mediante o preenchimento do Regulamento de Inscri\u00e7\u00e3o at\u00e9 o dia 10 de abril.<\/p>\n","protected":false},"excerpt":{"rendered":"<p>Preencher 602 vagas para agentes penitenci\u00e1rios \u00e9 a meta da Superintend\u00eancia dos Servi\u00e7os Penitenci\u00e1rios (Susepe) ao divulgar o edital de concurso p\u00fablico para candidatos com curso superior em qualquer \u00e1rea.<\/p>\n","protected":false},"author":4,"featured_media":14063,"comment_status":"closed","ping_status":"closed","sticky":false,"template":"","format":"standard","meta":[],"categories":[305,33],"tags":[],"_links":{"self":[{"href":"https:\/\/diariodamanhapelotas.com.br\/site\/wp-json\/wp\/v2\/posts\/14081"}],"collection":[{"href":"https:\/\/diariodamanhapelotas.com.br\/site\/wp-json\/wp\/v2\/posts"}],"about":[{"href":"https:\/\/diariodamanhapelotas.com.br\/site\/wp-json\/wp\/v2\/types\/post"}],"author":[{"embeddable":true,"href":"https:\/\/diariodamanhapelotas.com.br\/site\/wp-json\/wp\/v2\/users\/4"}],"replies":[{"embeddable":true,"href":"https:\/\/diariodamanhapelotas.com.br\/site\/wp-json\/wp\/v2\/comments?post=14081"}],"version-history":[{"count":1,"href":"https:\/\/diariodamanhapelotas.com.br\/site\/wp-json\/wp\/v2\/posts\/14081\/revisions"}],"predecessor-version":[{"id":14082,"href":"https:\/\/diariodamanhapelotas.com.br\/site\/wp-json\/wp\/v2\/posts\/14081\/revisions\/14082"}],"wp:featuredmedia":[{"embeddable":true,"href":"https:\/\/diariodamanhapelotas.com.br\/site\/wp-json\/wp\/v2\/media\/14063"}],"wp:attachment":[{"href":"https:\/\/diariodamanhapelotas.com.br\/site\/wp-json\/wp\/v2\/media?parent=14081"}],"wp:term":[{"taxonomy":"category","embeddable":true,"href":"https:\/\/diariodamanhapelotas.com.br\/site\/wp-json\/wp\/v2\/categories?post=14081"},{"taxonomy":"post_tag","embeddable":true,"href":"https:\/\/diariodamanhapelotas.com.br\/site\/wp-json\/wp\/v2\/tags?post=14081"}],"curies":[{"name":"wp","href":"https:\/\/api.w.org\/{rel}","templated":true}]}}