{"id":142739,"date":"2025-03-10T08:36:31","date_gmt":"2025-03-10T11:36:31","guid":{"rendered":"https:\/\/diariodamanhapelotas.com.br\/site\/?p=142739"},"modified":"2025-03-10T08:36:31","modified_gmt":"2025-03-10T11:36:31","slug":"nucleo-de-teatro-da-ufpel-realiza-oficinas-ministradas-por-mulheres-colombianas","status":"publish","type":"post","link":"https:\/\/diariodamanhapelotas.com.br\/site\/nucleo-de-teatro-da-ufpel-realiza-oficinas-ministradas-por-mulheres-colombianas\/","title":{"rendered":"N\u00facleo de Teatro da UFPel realiza oficinas ministradas por mulheres colombianas"},"content":{"rendered":"<h3 style=\"text-align: center;\"><em>As oficinas ocorrer\u00e3o na sede do N\u00facleo de Teatro, localizado na rua Alberto Rosa, 117<\/em><\/h3>\n<p>O N\u00facleo de Teatro da Universidade Federal de Pelotas realiza, durante o m\u00eas de mar\u00e7o, duas oficinas ministradas por mulheres colombianas. As atividades, voltadas para as tem\u00e1ticas do canto e da dan\u00e7a, s\u00e3o abertas a toda a comunidade.<\/p>\n<h4 style=\"text-align: center;\"><strong style=\"font-style: inherit;\">Oficina de Dan\u00e7a: \u201cEcossom\u00e1ticas para dan\u00e7ar nossa tradi\u00e7\u00e3o\u201d<\/strong><\/h4>\n<p>Ministrante: Liz Casta\u00f1o<\/p>\n<p>Dias: 13, 20 e 27 de mar\u00e7o (quintas-feiras)<\/p>\n<p>Hor\u00e1rio: das 19h \u00e0s 21h<\/p>\n<h4 style=\"text-align: center;\"><strong>Oficina de Canto: \u201cMares de cura: cantos para inspirar\u201d<\/strong><\/h4>\n<p>Ministrante: Dayanne Peres<\/p>\n<p>Dias: 17 e 24 de mar\u00e7o (segundas-feiras)<\/p>\n<p>Hor\u00e1rio: das 19h \u00e0s 21h<\/p>\n<p>As oficinas ocorrer\u00e3o na sede do N\u00facleo de Teatro, localizado na rua Alberto Rosa, 117.\u00a0<a href=\"https:\/\/docs.google.com\/forms\/d\/1NGQCLrQD3mhc2QzvGr5NWodKVxqNsXZk05dBgY9OxZM\/edit\" target=\"_blank\" rel=\"noopener noreferrer\" data-auth=\"NotApplicable\" data-linkindex=\"0\">As inscri\u00e7\u00f5es podem ser realizadas por meio deste link.<\/a><\/p>\n","protected":false},"excerpt":{"rendered":"<p>As oficinas ocorrer\u00e3o na sede do N\u00facleo de Teatro, localizado na rua Alberto Rosa, 117 O N\u00facleo de Teatro da Universidade Federal de Pelotas realiza, durante o m\u00eas de mar\u00e7o,<\/p>\n","protected":false},"author":3,"featured_media":142740,"comment_status":"closed","ping_status":"closed","sticky":false,"template":"","format":"standard","meta":[],"categories":[305,32],"tags":[],"_links":{"self":[{"href":"https:\/\/diariodamanhapelotas.com.br\/site\/wp-json\/wp\/v2\/posts\/142739"}],"collection":[{"href":"https:\/\/diariodamanhapelotas.com.br\/site\/wp-json\/wp\/v2\/posts"}],"about":[{"href":"https:\/\/diariodamanhapelotas.com.br\/site\/wp-json\/wp\/v2\/types\/post"}],"author":[{"embeddable":true,"href":"https:\/\/diariodamanhapelotas.com.br\/site\/wp-json\/wp\/v2\/users\/3"}],"replies":[{"embeddable":true,"href":"https:\/\/diariodamanhapelotas.com.br\/site\/wp-json\/wp\/v2\/comments?post=142739"}],"version-history":[{"count":1,"href":"https:\/\/diariodamanhapelotas.com.br\/site\/wp-json\/wp\/v2\/posts\/142739\/revisions"}],"predecessor-version":[{"id":142741,"href":"https:\/\/diariodamanhapelotas.com.br\/site\/wp-json\/wp\/v2\/posts\/142739\/revisions\/142741"}],"wp:featuredmedia":[{"embeddable":true,"href":"https:\/\/diariodamanhapelotas.com.br\/site\/wp-json\/wp\/v2\/media\/142740"}],"wp:attachment":[{"href":"https:\/\/diariodamanhapelotas.com.br\/site\/wp-json\/wp\/v2\/media?parent=142739"}],"wp:term":[{"taxonomy":"category","embeddable":true,"href":"https:\/\/diariodamanhapelotas.com.br\/site\/wp-json\/wp\/v2\/categories?post=142739"},{"taxonomy":"post_tag","embeddable":true,"href":"https:\/\/diariodamanhapelotas.com.br\/site\/wp-json\/wp\/v2\/tags?post=142739"}],"curies":[{"name":"wp","href":"https:\/\/api.w.org\/{rel}","templated":true}]}}