{"id":142742,"date":"2025-03-10T08:41:29","date_gmt":"2025-03-10T11:41:29","guid":{"rendered":"https:\/\/diariodamanhapelotas.com.br\/site\/?p=142742"},"modified":"2025-03-10T08:41:29","modified_gmt":"2025-03-10T11:41:29","slug":"cras-centro-muda-para-novo-endereco","status":"publish","type":"post","link":"https:\/\/diariodamanhapelotas.com.br\/site\/cras-centro-muda-para-novo-endereco\/","title":{"rendered":"Cras Centro muda para novo endere\u00e7o"},"content":{"rendered":"<h3 style=\"text-align: center;\"><em>Atendimento para orienta\u00e7\u00f5es ser\u00e1, temporariamente, feito no InclusivaPel<\/em><\/h3>\n<p>A partir desta semana (10 a 14), o Centro de Refer\u00eancia de Assist\u00eancia Social (Cras) Centro estar\u00e1 fechado para mudan\u00e7a de sede. Durante a mudan\u00e7a, uma parte da equipe estar\u00e1 no InclusivaPel (rua Tr\u00eas de Maio, 1.074) para atendimento e orienta\u00e7\u00e3o da comunidade.<\/p>\n<p>A partir do dia 17, os servi\u00e7os ser\u00e3o retomados em sua totalidade no pr\u00e9dio do Cadastro \u00danico (rua General Os\u00f3rio, 500).<\/p>\n<p>&nbsp;<\/p>\n","protected":false},"excerpt":{"rendered":"<p>Atendimento para orienta\u00e7\u00f5es ser\u00e1, temporariamente, feito no InclusivaPel A partir desta semana (10 a 14), o Centro de Refer\u00eancia de Assist\u00eancia Social (Cras) Centro estar\u00e1 fechado para mudan\u00e7a de sede.<\/p>\n","protected":false},"author":3,"featured_media":132817,"comment_status":"closed","ping_status":"closed","sticky":false,"template":"","format":"standard","meta":[],"categories":[305,149],"tags":[],"_links":{"self":[{"href":"https:\/\/diariodamanhapelotas.com.br\/site\/wp-json\/wp\/v2\/posts\/142742"}],"collection":[{"href":"https:\/\/diariodamanhapelotas.com.br\/site\/wp-json\/wp\/v2\/posts"}],"about":[{"href":"https:\/\/diariodamanhapelotas.com.br\/site\/wp-json\/wp\/v2\/types\/post"}],"author":[{"embeddable":true,"href":"https:\/\/diariodamanhapelotas.com.br\/site\/wp-json\/wp\/v2\/users\/3"}],"replies":[{"embeddable":true,"href":"https:\/\/diariodamanhapelotas.com.br\/site\/wp-json\/wp\/v2\/comments?post=142742"}],"version-history":[{"count":1,"href":"https:\/\/diariodamanhapelotas.com.br\/site\/wp-json\/wp\/v2\/posts\/142742\/revisions"}],"predecessor-version":[{"id":142743,"href":"https:\/\/diariodamanhapelotas.com.br\/site\/wp-json\/wp\/v2\/posts\/142742\/revisions\/142743"}],"wp:featuredmedia":[{"embeddable":true,"href":"https:\/\/diariodamanhapelotas.com.br\/site\/wp-json\/wp\/v2\/media\/132817"}],"wp:attachment":[{"href":"https:\/\/diariodamanhapelotas.com.br\/site\/wp-json\/wp\/v2\/media?parent=142742"}],"wp:term":[{"taxonomy":"category","embeddable":true,"href":"https:\/\/diariodamanhapelotas.com.br\/site\/wp-json\/wp\/v2\/categories?post=142742"},{"taxonomy":"post_tag","embeddable":true,"href":"https:\/\/diariodamanhapelotas.com.br\/site\/wp-json\/wp\/v2\/tags?post=142742"}],"curies":[{"name":"wp","href":"https:\/\/api.w.org\/{rel}","templated":true}]}}