{"id":142744,"date":"2025-03-10T13:22:00","date_gmt":"2025-03-10T16:22:00","guid":{"rendered":"https:\/\/diariodamanhapelotas.com.br\/site\/?p=142744"},"modified":"2025-03-10T13:22:00","modified_gmt":"2025-03-10T16:22:00","slug":"ufpel-oferta-937-vagas-para-ingresso-no-ensino-superior","status":"publish","type":"post","link":"https:\/\/diariodamanhapelotas.com.br\/site\/ufpel-oferta-937-vagas-para-ingresso-no-ensino-superior\/","title":{"rendered":"UFPel oferta 937 vagas para ingresso no Ensino Superior"},"content":{"rendered":"<h3 style=\"text-align: center;\"><em>O crit\u00e9rio de sele\u00e7\u00e3o \u00e9 a participa\u00e7\u00e3o no Enem, das edi\u00e7\u00f5es de 2020 a 2024. Universidade oferece vagas em 60 diferentes cursos de gradua\u00e7\u00e3o<\/em><\/h3>\n<p>At\u00e9\u00a017 de mar\u00e7o, quem participou do Exame Nacional do Ensino M\u00e9dio (<a href=\"https:\/\/www.gov.br\/inep\/pt-br\/areas-de-atuacao\/avaliacao-e-exames-educacionais\/enem\" target=\"_blank\" rel=\"noopener noreferrer\">Enem<\/a>) em\u00a02020,\u00a02021,\u00a02022,\u00a02023\u00a0ou\u00a02024, pontuou na prova de reda\u00e7\u00e3o e concluiu a respectiva forma\u00e7\u00e3o escolar poder\u00e1 se inscrever, via\u00a0<a href=\"https:\/\/wp.ufpel.edu.br\/cra\/editais-processo-seletivo-simplificado\/\" target=\"_blank\" rel=\"noopener noreferrer\">Internet<\/a>, no processo seletivo simplificado da\u00a0Universidade Federal de Pelotas\u00a0(<a href=\"https:\/\/portal.ufpel.edu.br\/\" target=\"_blank\" rel=\"noopener noreferrer\">UFPel<\/a>). A oferta, com\u00a0937 vagas, abrange\u00a060 cursos\u00a0presenciais de gradua\u00e7\u00e3o.\u00a0O in\u00edcio das atividades acad\u00eamicas est\u00e1 previsto para 22 de abril.<\/p>\n<p>O\u00a0<a href=\"https:\/\/wp.ufpel.edu.br\/cra\/files\/2025\/03\/SEI_2977296_Edital_13_2025.pdf\" target=\"_blank\" rel=\"noopener noreferrer\">Edital<\/a>\u00a0preencher\u00e1 as vagas remanescentes do Sistema de Sele\u00e7\u00e3o Unificada (<a href=\"https:\/\/acessounico.mec.gov.br\/sisu\" target=\"_blank\" rel=\"noopener noreferrer\">Sisu<\/a>) e do Programa de Avalia\u00e7\u00e3o da Vida Escola (<a href=\"https:\/\/wp.ufpel.edu.br\/pave\/\" target=\"_blank\" rel=\"noopener noreferrer\">Pave<\/a>)\u00a0para\u00a0os\u00a0cursos\u00a0de\u00a0gradua\u00e7\u00e3o\u00a0presenciais,\u00a0com\u00a0ingresso no primeiro semestre letivo de\u00a02025. Todas as informa\u00e7\u00f5es sobre o Processo Seletivo Simplificado est\u00e3o dispon\u00edveis na p\u00e1gina da Coordena\u00e7\u00e3o de Registros Acad\u00eamicos (<a href=\"https:\/\/wp.ufpel.edu.br\/cra\/editais-processo-seletivo-simplificado\/\" target=\"_blank\" rel=\"noopener noreferrer\">CRA<\/a>).<\/p>\n<p>Nesse processo seletivo, \u00e9 exigida taxa de inscri\u00e7\u00e3o de R$ 35,00. O pagamento dever\u00e1 ser realizado exclusivamente nas ag\u00eancias ou canais de atendimento do Banco do Brasil.\u00a0Os pedidos de isen\u00e7\u00e3o, nos casos definidos pela legisla\u00e7\u00e3o, ser\u00e3o recebidos por\u00a0<a href=\"https:\/\/forms.gle\/4HGqcRaVuyxZt27G6\" target=\"_blank\" rel=\"noopener noreferrer\">formul\u00e1rio digital<\/a>\u00a0at\u00e9 13 de mar\u00e7o.<\/p>\n<h4 style=\"text-align: center;\"><strong>A\u00e7\u00f5es Afirmativas<\/strong><\/h4>\n<p>H\u00e1 reserva de vagas, nos mesmos percentuais adotados pela UFPel no\u00a0Sisu, do Minist\u00e9rio da Educa\u00e7\u00e3o. As cotas s\u00e3o destinadas, em diversas possibilidades de combina\u00e7\u00e3o, por renda familiar igual ou inferior a um sal\u00e1rio m\u00ednimo e meio, para pessoas pretas, pardas ou ind\u00edgenas, para quem tenha conclu\u00eddo o ensino m\u00e9dio integralmente em escola p\u00fablica e pessoas com defici\u00eancia.<\/p>\n<p>&nbsp;<\/p>\n","protected":false},"excerpt":{"rendered":"<p>O crit\u00e9rio de sele\u00e7\u00e3o \u00e9 a participa\u00e7\u00e3o no Enem, das edi\u00e7\u00f5es de 2020 a 2024. Universidade oferece vagas em 60 diferentes cursos de gradua\u00e7\u00e3o At\u00e9\u00a017 de mar\u00e7o, quem participou do<\/p>\n","protected":false},"author":3,"featured_media":142745,"comment_status":"closed","ping_status":"closed","sticky":false,"template":"","format":"standard","meta":[],"categories":[305,30],"tags":[],"_links":{"self":[{"href":"https:\/\/diariodamanhapelotas.com.br\/site\/wp-json\/wp\/v2\/posts\/142744"}],"collection":[{"href":"https:\/\/diariodamanhapelotas.com.br\/site\/wp-json\/wp\/v2\/posts"}],"about":[{"href":"https:\/\/diariodamanhapelotas.com.br\/site\/wp-json\/wp\/v2\/types\/post"}],"author":[{"embeddable":true,"href":"https:\/\/diariodamanhapelotas.com.br\/site\/wp-json\/wp\/v2\/users\/3"}],"replies":[{"embeddable":true,"href":"https:\/\/diariodamanhapelotas.com.br\/site\/wp-json\/wp\/v2\/comments?post=142744"}],"version-history":[{"count":1,"href":"https:\/\/diariodamanhapelotas.com.br\/site\/wp-json\/wp\/v2\/posts\/142744\/revisions"}],"predecessor-version":[{"id":142746,"href":"https:\/\/diariodamanhapelotas.com.br\/site\/wp-json\/wp\/v2\/posts\/142744\/revisions\/142746"}],"wp:featuredmedia":[{"embeddable":true,"href":"https:\/\/diariodamanhapelotas.com.br\/site\/wp-json\/wp\/v2\/media\/142745"}],"wp:attachment":[{"href":"https:\/\/diariodamanhapelotas.com.br\/site\/wp-json\/wp\/v2\/media?parent=142744"}],"wp:term":[{"taxonomy":"category","embeddable":true,"href":"https:\/\/diariodamanhapelotas.com.br\/site\/wp-json\/wp\/v2\/categories?post=142744"},{"taxonomy":"post_tag","embeddable":true,"href":"https:\/\/diariodamanhapelotas.com.br\/site\/wp-json\/wp\/v2\/tags?post=142744"}],"curies":[{"name":"wp","href":"https:\/\/api.w.org\/{rel}","templated":true}]}}