{"id":142747,"date":"2025-03-10T16:44:44","date_gmt":"2025-03-10T19:44:44","guid":{"rendered":"https:\/\/diariodamanhapelotas.com.br\/site\/?p=142747"},"modified":"2025-03-10T16:44:44","modified_gmt":"2025-03-10T19:44:44","slug":"estacionamento-vai-ser-proibido-na-av-ferreira-viana","status":"publish","type":"post","link":"https:\/\/diariodamanhapelotas.com.br\/site\/estacionamento-vai-ser-proibido-na-av-ferreira-viana\/","title":{"rendered":"Estacionamento vai ser proibido na Av. Ferreira Viana"},"content":{"rendered":"<p>A partir da manh\u00e3 desta ter\u00e7a-feira, agentes da Secretaria de Transporte e Tr\u00e2nsito (STT) orientam condutores de ve\u00edculos sobre procedimentos corretos<\/p>\n<p>A Prefeitura desencadeia, a partir da manh\u00e3 desta ter\u00e7a-feira (11),\u00a0campanha de conscientiza\u00e7\u00e3o\u00a0sobre o uso correto da\u00a0avenida Ferreira Viana\u00a0para a mobilidade. Com as obras de requalifica\u00e7\u00e3o conclu\u00eddas e sinaliza\u00e7\u00e3o completa, agentes da Secretaria de Transporte e Tr\u00e2nsito (STT) estar\u00e3o presentes na via para orientar condutores, evitando transgress\u00f5es ao C\u00f3digo de Tr\u00e2nsito Brasileiro (CTB), geradoras de multas, pontua\u00e7\u00e3o na CNH e at\u00e9 remo\u00e7\u00e3o do ve\u00edculo.<\/p>\n<p><img loading=\"lazy\" class=\"size-full wp-image-142748 aligncenter\" src=\"https:\/\/diariodamanhapelotas.com.br\/site\/wp-content\/uploads\/2025\/03\/sinalizacao-ferreira-viana.jpg\" alt=\"\" width=\"456\" height=\"600\" srcset=\"https:\/\/diariodamanhapelotas.com.br\/site\/wp-content\/uploads\/2025\/03\/sinalizacao-ferreira-viana.jpg 456w, https:\/\/diariodamanhapelotas.com.br\/site\/wp-content\/uploads\/2025\/03\/sinalizacao-ferreira-viana-228x300.jpg 228w, https:\/\/diariodamanhapelotas.com.br\/site\/wp-content\/uploads\/2025\/03\/sinalizacao-ferreira-viana-114x150.jpg 114w\" sizes=\"(max-width: 456px) 100vw, 456px\" \/><\/p>\n<p>Os agentes de Tr\u00e2nsito atuar\u00e3o na avenida durante dez dias. Ap\u00f3s esse per\u00edodo, passar\u00e3o a ser aplicadas as especifica\u00e7\u00f5es do CTB. Estacionar em local e hor\u00e1rio proibido &#8211; Art. 181 XVIII do C\u00f3digo \u2013 \u00e9 considerado infra\u00e7\u00e3o de m\u00e9dia gravidade, gera multa de R$ 130,16, quatro pontos na Carteira de Habilita\u00e7\u00e3o do condutor e a possibilidade de medida administrativa de remo\u00e7\u00e3o do ve\u00edculo.<\/p>\n<p>Durante os dez dias de campanha, haver\u00e1 distribui\u00e7\u00e3o de panfletos explicativos e detalhados aos condutores, da proibi\u00e7\u00e3o de estacionamento em toda a extens\u00e3o da avenida Ferreira Viana. A medida foi adotada para melhorar o fluxo do tr\u00e2nsito e garantir seguran\u00e7a.<\/p>\n","protected":false},"excerpt":{"rendered":"<p>A partir da manh\u00e3 desta ter\u00e7a-feira, agentes da Secretaria de Transporte e Tr\u00e2nsito (STT) orientam condutores de ve\u00edculos sobre procedimentos corretos A Prefeitura desencadeia, a partir da manh\u00e3 desta ter\u00e7a-feira<\/p>\n","protected":false},"author":3,"featured_media":142750,"comment_status":"closed","ping_status":"closed","sticky":false,"template":"","format":"standard","meta":[],"categories":[305,149],"tags":[],"_links":{"self":[{"href":"https:\/\/diariodamanhapelotas.com.br\/site\/wp-json\/wp\/v2\/posts\/142747"}],"collection":[{"href":"https:\/\/diariodamanhapelotas.com.br\/site\/wp-json\/wp\/v2\/posts"}],"about":[{"href":"https:\/\/diariodamanhapelotas.com.br\/site\/wp-json\/wp\/v2\/types\/post"}],"author":[{"embeddable":true,"href":"https:\/\/diariodamanhapelotas.com.br\/site\/wp-json\/wp\/v2\/users\/3"}],"replies":[{"embeddable":true,"href":"https:\/\/diariodamanhapelotas.com.br\/site\/wp-json\/wp\/v2\/comments?post=142747"}],"version-history":[{"count":1,"href":"https:\/\/diariodamanhapelotas.com.br\/site\/wp-json\/wp\/v2\/posts\/142747\/revisions"}],"predecessor-version":[{"id":142751,"href":"https:\/\/diariodamanhapelotas.com.br\/site\/wp-json\/wp\/v2\/posts\/142747\/revisions\/142751"}],"wp:featuredmedia":[{"embeddable":true,"href":"https:\/\/diariodamanhapelotas.com.br\/site\/wp-json\/wp\/v2\/media\/142750"}],"wp:attachment":[{"href":"https:\/\/diariodamanhapelotas.com.br\/site\/wp-json\/wp\/v2\/media?parent=142747"}],"wp:term":[{"taxonomy":"category","embeddable":true,"href":"https:\/\/diariodamanhapelotas.com.br\/site\/wp-json\/wp\/v2\/categories?post=142747"},{"taxonomy":"post_tag","embeddable":true,"href":"https:\/\/diariodamanhapelotas.com.br\/site\/wp-json\/wp\/v2\/tags?post=142747"}],"curies":[{"name":"wp","href":"https:\/\/api.w.org\/{rel}","templated":true}]}}