{"id":142752,"date":"2025-03-10T16:49:27","date_gmt":"2025-03-10T19:49:27","guid":{"rendered":"https:\/\/diariodamanhapelotas.com.br\/site\/?p=142752"},"modified":"2025-03-10T16:49:27","modified_gmt":"2025-03-10T19:49:27","slug":"frente-parlamentar-da-metade-sul-discutira-melhorias-nas-rodovias-ers-265-e-702","status":"publish","type":"post","link":"https:\/\/diariodamanhapelotas.com.br\/site\/frente-parlamentar-da-metade-sul-discutira-melhorias-nas-rodovias-ers-265-e-702\/","title":{"rendered":"Frente Parlamentar da Metade Sul discutir\u00e1 melhorias nas rodovias ERS 265 e 702"},"content":{"rendered":"<h3 style=\"text-align: center;\"><em>A ERS 265, que liga Cangu\u00e7u a diversos munic\u00edpios da Metade Sul desempenha papel estrat\u00e9gico no escoamento da produ\u00e7\u00e3o agropecu\u00e1ria e no deslocamento da popula\u00e7\u00e3o<\/em><\/h3>\n<p>A Frente Parlamentar da Metade Sul promove, nesta ter\u00e7a-feira (11), \u00e0s 15h, uma reuni\u00e3o de trabalho no Plenarinho da Assembleia Legislativa do Rio Grande do Sul para debater as condi\u00e7\u00f5es das rodovias ERS 265 e 702. O encontro, mediado pelo deputado Marcus Vin\u00edcius de Almeida (Progressistas), reunir\u00e1 autoridades estaduais, prefeitos, representantes de entidades e moradores da regi\u00e3o.<\/p>\n<p>A ERS 265, que liga Cangu\u00e7u a diversos munic\u00edpios da Metade Sul, segundo o deputado, desempenha papel estrat\u00e9gico no escoamento da produ\u00e7\u00e3o agropecu\u00e1ria e no deslocamento da popula\u00e7\u00e3o. No entanto, motoristas que utilizam a via enfrentam dificuldades devido \u00e0s m\u00e1s condi\u00e7\u00f5es da estrada, o que impacta o transporte de gr\u00e3os, gado, madeira e outros produtos essenciais para a economia local.<\/p>\n<p>\u201cEssa estrada \u00e9 fundamental para o desenvolvimento da nossa regi\u00e3o. Precisamos garantir melhorias estruturais que tornem o tr\u00e1fego mais seguro e eficiente, beneficiando tanto quem utiliza a rodovia diariamente quanto o setor produtivo\u201d, destacou Marcus Vin\u00edcius.<\/p>\n<p>A mobiliza\u00e7\u00e3o por investimentos na infraestrutura rodovi\u00e1ria da Metade Sul vem contando com o apoio de prefeitos, lideran\u00e7as comunit\u00e1rias e parlamentares, que defendem a necessidade de a\u00e7\u00f5es concretas para recuperar e manter as rodovias da regi\u00e3o.<\/p>\n<p>A reuni\u00e3o desta ter\u00e7a-feira, de acordo com o parlamentar, busca refor\u00e7ar essas demandas e avan\u00e7ar nas tratativas com o poder p\u00fablico. \u201cNosso objetivo \u00e9 garantir um compromisso efetivo para que as melhorias saiam do papel e tragam mais seguran\u00e7a e desenvolvimento para toda a Metade Sul\u201d, destacou.<\/p>\n","protected":false},"excerpt":{"rendered":"<p>A ERS 265, que liga Cangu\u00e7u a diversos munic\u00edpios da Metade Sul desempenha papel estrat\u00e9gico no escoamento da produ\u00e7\u00e3o agropecu\u00e1ria e no deslocamento da popula\u00e7\u00e3o A Frente Parlamentar da Metade<\/p>\n","protected":false},"author":3,"featured_media":142753,"comment_status":"closed","ping_status":"closed","sticky":false,"template":"","format":"standard","meta":[],"categories":[305,857],"tags":[],"_links":{"self":[{"href":"https:\/\/diariodamanhapelotas.com.br\/site\/wp-json\/wp\/v2\/posts\/142752"}],"collection":[{"href":"https:\/\/diariodamanhapelotas.com.br\/site\/wp-json\/wp\/v2\/posts"}],"about":[{"href":"https:\/\/diariodamanhapelotas.com.br\/site\/wp-json\/wp\/v2\/types\/post"}],"author":[{"embeddable":true,"href":"https:\/\/diariodamanhapelotas.com.br\/site\/wp-json\/wp\/v2\/users\/3"}],"replies":[{"embeddable":true,"href":"https:\/\/diariodamanhapelotas.com.br\/site\/wp-json\/wp\/v2\/comments?post=142752"}],"version-history":[{"count":1,"href":"https:\/\/diariodamanhapelotas.com.br\/site\/wp-json\/wp\/v2\/posts\/142752\/revisions"}],"predecessor-version":[{"id":142754,"href":"https:\/\/diariodamanhapelotas.com.br\/site\/wp-json\/wp\/v2\/posts\/142752\/revisions\/142754"}],"wp:featuredmedia":[{"embeddable":true,"href":"https:\/\/diariodamanhapelotas.com.br\/site\/wp-json\/wp\/v2\/media\/142753"}],"wp:attachment":[{"href":"https:\/\/diariodamanhapelotas.com.br\/site\/wp-json\/wp\/v2\/media?parent=142752"}],"wp:term":[{"taxonomy":"category","embeddable":true,"href":"https:\/\/diariodamanhapelotas.com.br\/site\/wp-json\/wp\/v2\/categories?post=142752"},{"taxonomy":"post_tag","embeddable":true,"href":"https:\/\/diariodamanhapelotas.com.br\/site\/wp-json\/wp\/v2\/tags?post=142752"}],"curies":[{"name":"wp","href":"https:\/\/api.w.org\/{rel}","templated":true}]}}