{"id":145158,"date":"2025-06-16T16:00:46","date_gmt":"2025-06-16T19:00:46","guid":{"rendered":"https:\/\/diariodamanhapelotas.com.br\/site\/?p=145158"},"modified":"2025-06-16T16:00:46","modified_gmt":"2025-06-16T19:00:46","slug":"lancado-projeto-que-restaura-o-forro-de-estuque-da-igreja-imaculada-conceicao-em-jaguarao","status":"publish","type":"post","link":"https:\/\/diariodamanhapelotas.com.br\/site\/lancado-projeto-que-restaura-o-forro-de-estuque-da-igreja-imaculada-conceicao-em-jaguarao\/","title":{"rendered":"Lan\u00e7ado projeto que restaura o forro de estuque da Igreja Imaculada Concei\u00e7\u00e3o, em Jaguar\u00e3o"},"content":{"rendered":"<h3 style=\"text-align: center;\"><em>Patrim\u00f4nio art\u00edstico, hist\u00f3rico e cultural, a Igreja Imaculada Concei\u00e7\u00e3o de Jaguar\u00e3o ter\u00e1 o forro de estuque totalmente restaurado, respeitando as t\u00e9cnicas artesanais que o valorizam<\/em><\/h3>\n<p>O projeto desenvolvido pela Perene Patrim\u00f4nio Cultural foi apresentado \u00e0 comunidade durante programa\u00e7\u00e3o no \u00faltimo s\u00e1bado e domingo (14 e 15), em Jaguar\u00e3o.<\/p>\n<p>De acordo com a arquiteta Simone Neutzling, respons\u00e1vel pela iniciativa, o uso do estuque, presente em tantos pr\u00e9dios hist\u00f3ricos, tem diversas finalidades. \u201cInternamente, na execu\u00e7\u00e3o de forros planos e em relevo e na constru\u00e7\u00e3o de paredes divis\u00f3rias de ambientes. Externamente, como elemento decorativo na ornamenta\u00e7\u00e3o das fachadas. Tem uma fun\u00e7\u00e3o estrutural e representa de maneira muito potente o saber-fazer artesanal\u201d, destaca.<\/p>\n<p>No ano passado foi realizada a restaura\u00e7\u00e3o da cobertura do templo, incluindo o salvamento das estruturas de madeira, com as telhas originais, e agregada uma chapa de subcobertura para garantia de preserva\u00e7\u00e3o do pr\u00e9dio. Desde abril as equipes coordenadas pela arquiteta atuam na prepara\u00e7\u00e3o do espa\u00e7o para execu\u00e7\u00e3o da nova etapa de trabalhos. O primeiro passo foi a coloca\u00e7\u00e3o de andaimes e estruturas que permitam o acesso ao forro e seus ornamentos.<\/p>\n<p>\u201cO estuque \u00e9 um tipo de argamassa \u00e0 base de cal aplicada sobre ripas de madeira. Nosso prop\u00f3sito \u00e9 restaurar esta antiga t\u00e9cnica construtiva, preservando ao m\u00e1ximo os materiais e elementos decorativos originais\u201d, destaca Simone.<\/p>\n<p>A igreja idealizada por Minervina Corr\u00eaa e inaugurada em 1913 se destaca na paisagem local e integra o conjunto hist\u00f3rico tombado pelo Instituto do Patrim\u00f4nio Hist\u00f3rico e Art\u00edstico (Iphan) no munic\u00edpio.<\/p>\n<p><img loading=\"lazy\" class=\" wp-image-145159 aligncenter\" src=\"https:\/\/diariodamanhapelotas.com.br\/site\/wp-content\/uploads\/2025\/06\/educacao-patrimonial-imaculada-igreja-foto-anderson-mapelli.jpg\" alt=\"\" width=\"635\" height=\"361\" srcset=\"https:\/\/diariodamanhapelotas.com.br\/site\/wp-content\/uploads\/2025\/06\/educacao-patrimonial-imaculada-igreja-foto-anderson-mapelli.jpg 800w, https:\/\/diariodamanhapelotas.com.br\/site\/wp-content\/uploads\/2025\/06\/educacao-patrimonial-imaculada-igreja-foto-anderson-mapelli-300x171.jpg 300w, https:\/\/diariodamanhapelotas.com.br\/site\/wp-content\/uploads\/2025\/06\/educacao-patrimonial-imaculada-igreja-foto-anderson-mapelli-150x85.jpg 150w, https:\/\/diariodamanhapelotas.com.br\/site\/wp-content\/uploads\/2025\/06\/educacao-patrimonial-imaculada-igreja-foto-anderson-mapelli-768x437.jpg 768w\" sizes=\"(max-width: 635px) 100vw, 635px\" \/><\/p>\n<p><strong>Participa\u00e7\u00e3o da comunidade<\/strong><\/p>\n<p>Ao longo das obras acontecem as a\u00e7\u00f5es de educa\u00e7\u00e3o patrimonial buscando fortalecer a rela\u00e7\u00e3o de pertencimento da comunidade. No s\u00e1bado (14) a equipe da Alma Patrim\u00f4nio, formada pela antrop\u00f3loga Liza Bilhalva e a arque\u00f3loga Marta Bonow, conduziram a\u00e7\u00f5es com grupos de catequese. Os jovens foram convidados a levarem objetos que simbolizassem a mem\u00f3ria, na sua perspectiva.<\/p>\n<p>Para Eduarda Escalante dos Reis, de 11 anos, a viv\u00eancia foi emocionante. Aluna do sexto ano do Ensino Fundamental, ela levou em m\u00e3os a sua foto de batismo. \u201cEu gostei muito de saber que eu fui batizada em um lugar que \u00e9 patrim\u00f4nio hist\u00f3rico\u201d, relatou. O pr\u00f3ximo encontro com a comunidade acontecer\u00e1 no dia 12 de julho, no sal\u00e3o paroquial, com a presen\u00e7a da\u00a0mestra em educa\u00e7\u00e3o Suellen Medeiros, respons\u00e1vel pela pesquisa hist\u00f3rica.<\/p>\n<p>No domingo (15) a comunidade participou da Missa de A\u00e7\u00e3o de Gra\u00e7as celebrada pelo p\u00e1roco Danilo Silveira Porto, em alus\u00e3o \u00e0 nova etapa de restaura\u00e7\u00e3o. Logo ap\u00f3s, o p\u00fablico acompanhou uma visita guiada, com a arquiteta Simone Neutzling, pelo interior da igreja.<\/p>\n<p>O projeto de restaura\u00e7\u00e3o do templo tem investimento de R$ 1,2 milh\u00e3o, viabilizado com recursos do Pr\u00f3-Cultura do Governo do Estado do Rio Grande do Sul.<\/p>\n<p>Fotos: Anderson Mapelli<\/p>\n","protected":false},"excerpt":{"rendered":"<p>Patrim\u00f4nio art\u00edstico, hist\u00f3rico e cultural, a Igreja Imaculada Concei\u00e7\u00e3o de Jaguar\u00e3o ter\u00e1 o forro de estuque totalmente restaurado, respeitando as t\u00e9cnicas artesanais que o valorizam O projeto desenvolvido pela Perene<\/p>\n","protected":false},"author":3,"featured_media":145160,"comment_status":"closed","ping_status":"closed","sticky":false,"template":"","format":"standard","meta":[],"categories":[305,857],"tags":[],"_links":{"self":[{"href":"https:\/\/diariodamanhapelotas.com.br\/site\/wp-json\/wp\/v2\/posts\/145158"}],"collection":[{"href":"https:\/\/diariodamanhapelotas.com.br\/site\/wp-json\/wp\/v2\/posts"}],"about":[{"href":"https:\/\/diariodamanhapelotas.com.br\/site\/wp-json\/wp\/v2\/types\/post"}],"author":[{"embeddable":true,"href":"https:\/\/diariodamanhapelotas.com.br\/site\/wp-json\/wp\/v2\/users\/3"}],"replies":[{"embeddable":true,"href":"https:\/\/diariodamanhapelotas.com.br\/site\/wp-json\/wp\/v2\/comments?post=145158"}],"version-history":[{"count":1,"href":"https:\/\/diariodamanhapelotas.com.br\/site\/wp-json\/wp\/v2\/posts\/145158\/revisions"}],"predecessor-version":[{"id":145161,"href":"https:\/\/diariodamanhapelotas.com.br\/site\/wp-json\/wp\/v2\/posts\/145158\/revisions\/145161"}],"wp:featuredmedia":[{"embeddable":true,"href":"https:\/\/diariodamanhapelotas.com.br\/site\/wp-json\/wp\/v2\/media\/145160"}],"wp:attachment":[{"href":"https:\/\/diariodamanhapelotas.com.br\/site\/wp-json\/wp\/v2\/media?parent=145158"}],"wp:term":[{"taxonomy":"category","embeddable":true,"href":"https:\/\/diariodamanhapelotas.com.br\/site\/wp-json\/wp\/v2\/categories?post=145158"},{"taxonomy":"post_tag","embeddable":true,"href":"https:\/\/diariodamanhapelotas.com.br\/site\/wp-json\/wp\/v2\/tags?post=145158"}],"curies":[{"name":"wp","href":"https:\/\/api.w.org\/{rel}","templated":true}]}}