{"id":145165,"date":"2025-06-17T08:40:16","date_gmt":"2025-06-17T11:40:16","guid":{"rendered":"https:\/\/diariodamanhapelotas.com.br\/site\/?p=145165"},"modified":"2025-06-17T08:40:16","modified_gmt":"2025-06-17T11:40:16","slug":"prefeitura-comeca-a-construcao-de-meios-fios-no-entorno-do-carrefour","status":"publish","type":"post","link":"https:\/\/diariodamanhapelotas.com.br\/site\/prefeitura-comeca-a-construcao-de-meios-fios-no-entorno-do-carrefour\/","title":{"rendered":"Prefeitura come\u00e7a a constru\u00e7\u00e3o de meios-fios no entorno do Carrefour"},"content":{"rendered":"<h3 style=\"text-align: center;\"><em>Opera\u00e7\u00e3o Tapa-buracos continua na avenida Adolfo Fetter e em pontos da Gon\u00e7alves Chaves, Tamandar\u00e9, Barroso e Conde de Porto Alegre<\/em><\/h3>\n<p><span style=\"font-size: 12.0pt; mso-bidi-font-size: 11.0pt; line-height: 150%; font-family: 'Arial',sans-serif; mso-fareast-font-family: Arial;\">Nesta segunda-feira (16), a Secretaria de Obras e Pavimenta\u00e7\u00e3o (Smop) come\u00e7ou a construir os meios-fios nos passeios do entorno do Carrefour (Centro), na segunda etapa da requalifica\u00e7\u00e3o do entroncamento das avenidas Bento Gon\u00e7alves e Juscelino Kubitschek de Oliveira. A obra \u00e9 uma a\u00e7\u00e3o conjunta da Smop com as secretarias de Transporte e Tr\u00e2nsito (STT) e Servi\u00e7os Urbanos e Infraestrutura (SSUI). Para melhorar a seguran\u00e7a do tr\u00e2nsito de ciclistas no local, em dois canteiros foram constru\u00eddas ciclovias, em pedras do tipo Unistein, e alguns trechos da via asfaltada ser\u00e3o pintados com ciclofaixas, para a circula\u00e7\u00e3o de bicicletas.<\/span><\/p>\n<p><span style=\"font-size: 12.0pt; mso-bidi-font-size: 11.0pt; line-height: 150%; font-family: 'Arial',sans-serif; mso-fareast-font-family: Arial;\">Ao mesmo tempo, a Smop deu prosseguimento \u00e0 a\u00e7\u00e3o emergencial da Opera\u00e7\u00e3o Tapa-buracos na avenida Adolfo Fetter, iniciada na sexta-feira passada, no trecho entre a avenida Amazonas, principal acesso ao Balne\u00e1rio dos Prazeres (Barro Duro) e a r\u00f3tula com a avenida Jos\u00e9 Maria da Fontoura (acesso ao balne\u00e1rio Santo Ant\u00f4nio e residencial Alphaville).<\/span><\/p>\n<p><span style=\"font-size: 12.0pt; mso-bidi-font-size: 11.0pt; line-height: 150%; font-family: 'Arial',sans-serif; mso-fareast-font-family: Arial;\">Os diretores executivos Henrique Karam e Cristina Oliveira estiveram acompanhando a obra na Adolfo Fetter, \u00e0 pedido do secret\u00e1rio de Obras e Pavimenta\u00e7\u00e3o, Rog\u00e9rio Salazar, para decidirem, junto dos t\u00e9cnicos, quais ser\u00e3o as pr\u00f3ximas a\u00e7\u00f5es a serem realizadas no Laranjal.<\/span><\/p>\n<p><span style=\"font-size: 12.0pt; mso-bidi-font-size: 11.0pt; line-height: 150%; font-family: 'Arial',sans-serif; mso-fareast-font-family: Arial;\">Em paralelo, outra equipe deu continuidade \u00e0 Opera\u00e7\u00e3o Tapa-buracos na regi\u00e3o central, nos seguintes pontos: rua Amirante Barrosos esquina com Domingos de Almeida; rua Gon\u00e7alves Chaves esquina Doutor Amarante; Domingos de Almeida esquina Gon\u00e7alves Chaves; rua Tamandar\u00e9 com Manduca Rodrigues; rua Santos Dumont esquina Tamandar\u00e9; rua Conde de Porto Alegre esquina com o Residencial Jardins do Sul; Conde de Porto Alegre esquina com \u00c1lvaro Chaves.<\/span><\/p>\n<p>&nbsp;<\/p>\n","protected":false},"excerpt":{"rendered":"<p>Opera\u00e7\u00e3o Tapa-buracos continua na avenida Adolfo Fetter e em pontos da Gon\u00e7alves Chaves, Tamandar\u00e9, Barroso e Conde de Porto Alegre Nesta segunda-feira (16), a Secretaria de Obras e Pavimenta\u00e7\u00e3o (Smop)<\/p>\n","protected":false},"author":3,"featured_media":145166,"comment_status":"closed","ping_status":"closed","sticky":false,"template":"","format":"standard","meta":[],"categories":[305,149],"tags":[],"_links":{"self":[{"href":"https:\/\/diariodamanhapelotas.com.br\/site\/wp-json\/wp\/v2\/posts\/145165"}],"collection":[{"href":"https:\/\/diariodamanhapelotas.com.br\/site\/wp-json\/wp\/v2\/posts"}],"about":[{"href":"https:\/\/diariodamanhapelotas.com.br\/site\/wp-json\/wp\/v2\/types\/post"}],"author":[{"embeddable":true,"href":"https:\/\/diariodamanhapelotas.com.br\/site\/wp-json\/wp\/v2\/users\/3"}],"replies":[{"embeddable":true,"href":"https:\/\/diariodamanhapelotas.com.br\/site\/wp-json\/wp\/v2\/comments?post=145165"}],"version-history":[{"count":1,"href":"https:\/\/diariodamanhapelotas.com.br\/site\/wp-json\/wp\/v2\/posts\/145165\/revisions"}],"predecessor-version":[{"id":145167,"href":"https:\/\/diariodamanhapelotas.com.br\/site\/wp-json\/wp\/v2\/posts\/145165\/revisions\/145167"}],"wp:featuredmedia":[{"embeddable":true,"href":"https:\/\/diariodamanhapelotas.com.br\/site\/wp-json\/wp\/v2\/media\/145166"}],"wp:attachment":[{"href":"https:\/\/diariodamanhapelotas.com.br\/site\/wp-json\/wp\/v2\/media?parent=145165"}],"wp:term":[{"taxonomy":"category","embeddable":true,"href":"https:\/\/diariodamanhapelotas.com.br\/site\/wp-json\/wp\/v2\/categories?post=145165"},{"taxonomy":"post_tag","embeddable":true,"href":"https:\/\/diariodamanhapelotas.com.br\/site\/wp-json\/wp\/v2\/tags?post=145165"}],"curies":[{"name":"wp","href":"https:\/\/api.w.org\/{rel}","templated":true}]}}