{"id":145201,"date":"2025-06-18T10:55:30","date_gmt":"2025-06-18T13:55:30","guid":{"rendered":"https:\/\/diariodamanhapelotas.com.br\/site\/?p=145201"},"modified":"2025-06-18T10:55:30","modified_gmt":"2025-06-18T13:55:30","slug":"linhas-do-transporte-coletivo-alteram-itinerario","status":"publish","type":"post","link":"https:\/\/diariodamanhapelotas.com.br\/site\/linhas-do-transporte-coletivo-alteram-itinerario\/","title":{"rendered":"Linhas do transporte coletivo alteram itiner\u00e1rio"},"content":{"rendered":"<h3 style=\"text-align: center;\"><em>Per\u00edodos de chuvas constantes nos \u00faltimos dias comprometem trafegabilidade em alguns locais da cidade<\/em><\/h3>\n<p><span style=\"font-style: inherit; font-weight: inherit;\"><span style=\"font-size: medium;\">Desde a manh\u00e3 desta quarta-feira (18), algumas linhas do transporte coletivo urbano adotam desvios para evitar maiores transtornos nos itiner\u00e1rios, devido ao comprometimento do leito de vias n\u00e3o pavimentadas, em raz\u00e3o dos per\u00edodos de chuvas constantes nos \u00faltimos dias. A Secretaria de Transporte e Tr\u00e2nsito (STT) da Prefeitura acompanha as mudan\u00e7as tempor\u00e1rias.<\/span><\/span><\/p>\n<h4 style=\"text-align: center;\"><span style=\"font-style: inherit; font-weight: inherit;\"><span style=\"font-size: medium;\"><strong>Confira as altera\u00e7\u00f5es<\/strong><\/span><\/span><\/h4>\n<p><span style=\"font-style: inherit; font-weight: inherit;\"><span style=\"font-size: medium;\">&#8211; Sanga Funda \u2013 \u00f4nibus n\u00e3o vai at\u00e9 o Famile<\/span><\/span><\/p>\n<p><span style=\"font-style: inherit; font-weight: inherit;\"><span style=\"font-size: medium;\">&#8211; S\u00edtio Floresta \u2013 percurso Arthur Raubach, Edemar Potenza, Abrilio Ferreira Cardoso, Helmuth Hardt, Artur Raubach, Abrilino Ferreira Cardoso, Professora Elizabeth Silveira, Vereador Paulo Aci Teixeira, Arthur Raubach.<\/span><\/span><\/p>\n<p><span style=\"font-style: inherit; font-weight: inherit;\"><span style=\"font-size: medium;\">&#8211; Areal Circular \u2013 N\u00e3o estar\u00e1 atendendo ao Terminal do Areal.<\/span><\/span><\/p>\n<p><span style=\"font-style: inherit; font-weight: inherit;\"><span style=\"font-size: medium;\">&#8211; Passo do Salso \u2013 N\u00e3o estar\u00e1 atendendo a Leitaria.<\/span><\/span><\/p>\n<p>Foto: Paula Schild Mascarenhas<\/p>\n","protected":false},"excerpt":{"rendered":"<p>Per\u00edodos de chuvas constantes nos \u00faltimos dias comprometem trafegabilidade em alguns locais da cidade Desde a manh\u00e3 desta quarta-feira (18), algumas linhas do transporte coletivo urbano adotam desvios para evitar<\/p>\n","protected":false},"author":3,"featured_media":145202,"comment_status":"closed","ping_status":"closed","sticky":false,"template":"","format":"standard","meta":[],"categories":[305,149],"tags":[],"_links":{"self":[{"href":"https:\/\/diariodamanhapelotas.com.br\/site\/wp-json\/wp\/v2\/posts\/145201"}],"collection":[{"href":"https:\/\/diariodamanhapelotas.com.br\/site\/wp-json\/wp\/v2\/posts"}],"about":[{"href":"https:\/\/diariodamanhapelotas.com.br\/site\/wp-json\/wp\/v2\/types\/post"}],"author":[{"embeddable":true,"href":"https:\/\/diariodamanhapelotas.com.br\/site\/wp-json\/wp\/v2\/users\/3"}],"replies":[{"embeddable":true,"href":"https:\/\/diariodamanhapelotas.com.br\/site\/wp-json\/wp\/v2\/comments?post=145201"}],"version-history":[{"count":1,"href":"https:\/\/diariodamanhapelotas.com.br\/site\/wp-json\/wp\/v2\/posts\/145201\/revisions"}],"predecessor-version":[{"id":145203,"href":"https:\/\/diariodamanhapelotas.com.br\/site\/wp-json\/wp\/v2\/posts\/145201\/revisions\/145203"}],"wp:featuredmedia":[{"embeddable":true,"href":"https:\/\/diariodamanhapelotas.com.br\/site\/wp-json\/wp\/v2\/media\/145202"}],"wp:attachment":[{"href":"https:\/\/diariodamanhapelotas.com.br\/site\/wp-json\/wp\/v2\/media?parent=145201"}],"wp:term":[{"taxonomy":"category","embeddable":true,"href":"https:\/\/diariodamanhapelotas.com.br\/site\/wp-json\/wp\/v2\/categories?post=145201"},{"taxonomy":"post_tag","embeddable":true,"href":"https:\/\/diariodamanhapelotas.com.br\/site\/wp-json\/wp\/v2\/tags?post=145201"}],"curies":[{"name":"wp","href":"https:\/\/api.w.org\/{rel}","templated":true}]}}