{"id":145206,"date":"2025-06-18T14:11:26","date_gmt":"2025-06-18T17:11:26","guid":{"rendered":"https:\/\/diariodamanhapelotas.com.br\/site\/?p=145206"},"modified":"2025-06-18T14:11:26","modified_gmt":"2025-06-18T17:11:26","slug":"he-ufpel-promove-mutirao-de-cirurgias-e-exames-neste-feriado-de-corpus-christi","status":"publish","type":"post","link":"https:\/\/diariodamanhapelotas.com.br\/site\/he-ufpel-promove-mutirao-de-cirurgias-e-exames-neste-feriado-de-corpus-christi\/","title":{"rendered":"HE-UFPel promove mutir\u00e3o de cirurgias e exames neste feriado de Corpus Christi"},"content":{"rendered":"<h3 style=\"text-align: center;\"><em>Iniciativa visa reduzir filas do Sistema \u00danico de Sa\u00fade (SUS)<\/em><\/h3>\n<p>O Hospital Escola da Universidade Federal de Pelotas (HE-UFPel), vinculado \u00e0 Empresa Brasileira de Servi\u00e7os Hospitalares (Ebserh), realiza neste feriado de Corpus Christi (19\/6), um mutir\u00e3o de atendimentos por meio do Programa Agora Tem Especialistas. A iniciativa tem como objetivo agilizar o acesso dos pacientes a atendimentos, contribuindo para a redu\u00e7\u00e3o das filas do Sistema \u00danico de Sa\u00fade (SUS).<\/p>\n<p>No HE-UFPel est\u00e3o previstas a realiza\u00e7\u00e3o de 152 atendimentos entre exames cl\u00ednicos, de imagem e procedimentos cir\u00fargicos, como: cistoscopias (5), coniza\u00e7\u00f5es (4), mamografias (40), tomografias (40), endoscopias (12), ecocardiogramas transtor\u00e1cicos (20), ultrassonografias obst\u00e9tricas (12) e testes de triagem auditiva neonatal (19).<\/p>\n<p>Diferentemente de um mutir\u00e3o de portas abertas, as a\u00e7\u00f5es realizadas no HE-UFPel atendem pacientes que se encontram em fila de espera, encaminhados pela regula\u00e7\u00e3o municipal.<\/p>\n<p>Este \u00e9 terceiro mutir\u00e3o realizado no HE-UFPel em 2025, com o envolvimento de equipes m\u00e9dicas e multiprofissionais de diversas unidades assistenciais. Para este mutir\u00e3o est\u00e1 prevista a participa\u00e7\u00e3o de mais de 40 profissionais, fora os servi\u00e7os essenciais que mant\u00e9m seu funcionamento normal em dias de feriado. Aline Di Primio, chefe da Divis\u00e3o de Gest\u00e3o do Cuidado e Apoio Terap\u00eautico, que coordena o mutir\u00e3o, refor\u00e7a que, \u201cessas a\u00e7\u00f5es ampliam o acesso da popula\u00e7\u00e3o aos servi\u00e7os de sa\u00fade, e contribuem diretamente para a redu\u00e7\u00e3o do tempo de espera por atendimentos e procedimentos\u201d. Al\u00e9m disso, os mutir\u00f5es promovem o trabalho integrado entre as equipes multiprofissionais, otimizando recursos e fortalecendo a atua\u00e7\u00e3o da rede.<\/p>\n<p>\u201cEssa iniciativa refor\u00e7a o compromisso do Hospital Escola com a amplia\u00e7\u00e3o do acesso e a qualifica\u00e7\u00e3o da assist\u00eancia prestada aos pacientes. Realizar um mutir\u00e3o como este, com equipes mobilizadas inclusive em feriado, \u00e9 uma forma concreta de reduzir o tempo de espera e oferecer o cuidado que as pessoas precisam no tempo certo. Ao integrar nossos profissionais, nossas estruturas e o trabalho articulado com a regula\u00e7\u00e3o municipal, conseguimos atender de forma mais \u00e1gil, segura e humanizada, contribuindo para a diminui\u00e7\u00e3o das filas do SUS e fortalecendo o papel do HE-UFPel como hospital de ensino, assist\u00eancia e forma\u00e7\u00e3o de excel\u00eancia\u201d segundo a Gerente de Aten\u00e7\u00e3o \u00e0 Sa\u00fade, Gabriela Klein Couto.<\/p>\n<h4 style=\"text-align: center;\"><strong>Saiba mais<\/strong><\/h4>\n<p><strong>Ebserh em A\u00e7\u00e3o &#8211; Agora Tem Especialistas \u2013 Da Consulta ao Tratamento <\/strong>\u00e9 uma iniciativa do Governo Federal e do Minist\u00e9rio da Sa\u00fade, em parceria com a Rede Ebserh. \u00a0Seu objetivo \u00e9 reduzir o tempo de espera nas filas do SUS, por meio da amplia\u00e7\u00e3o do acesso a atendimentos especializados. A a\u00e7\u00e3o est\u00e1 alinhada \u00e0s diretrizes da Secretaria de Aten\u00e7\u00e3o Especializada \u00e0 Sa\u00fade (SAES) e tem como meta aumentar em at\u00e9 40% o n\u00famero de atendimentos realizados nos hospitais universit\u00e1rios federais \u00ad(HUFs).<\/p>\n<p>A parceria segue o mesmo modelo do \u201cDia E: Ebserh em A\u00e7\u00e3o\u201d realizado no ano passado, quando foram feitos nos HUFs quase 28 mil procedimentos cir\u00fargicos e mais de 100 mil exames, ampliando significativamente o acesso da popula\u00e7\u00e3o aos servi\u00e7os especializados.<\/p>\n","protected":false},"excerpt":{"rendered":"<p>Iniciativa visa reduzir filas do Sistema \u00danico de Sa\u00fade (SUS) O Hospital Escola da Universidade Federal de Pelotas (HE-UFPel), vinculado \u00e0 Empresa Brasileira de Servi\u00e7os Hospitalares (Ebserh), realiza neste feriado<\/p>\n","protected":false},"author":3,"featured_media":145207,"comment_status":"closed","ping_status":"closed","sticky":false,"template":"","format":"standard","meta":[],"categories":[305,150],"tags":[],"_links":{"self":[{"href":"https:\/\/diariodamanhapelotas.com.br\/site\/wp-json\/wp\/v2\/posts\/145206"}],"collection":[{"href":"https:\/\/diariodamanhapelotas.com.br\/site\/wp-json\/wp\/v2\/posts"}],"about":[{"href":"https:\/\/diariodamanhapelotas.com.br\/site\/wp-json\/wp\/v2\/types\/post"}],"author":[{"embeddable":true,"href":"https:\/\/diariodamanhapelotas.com.br\/site\/wp-json\/wp\/v2\/users\/3"}],"replies":[{"embeddable":true,"href":"https:\/\/diariodamanhapelotas.com.br\/site\/wp-json\/wp\/v2\/comments?post=145206"}],"version-history":[{"count":1,"href":"https:\/\/diariodamanhapelotas.com.br\/site\/wp-json\/wp\/v2\/posts\/145206\/revisions"}],"predecessor-version":[{"id":145208,"href":"https:\/\/diariodamanhapelotas.com.br\/site\/wp-json\/wp\/v2\/posts\/145206\/revisions\/145208"}],"wp:featuredmedia":[{"embeddable":true,"href":"https:\/\/diariodamanhapelotas.com.br\/site\/wp-json\/wp\/v2\/media\/145207"}],"wp:attachment":[{"href":"https:\/\/diariodamanhapelotas.com.br\/site\/wp-json\/wp\/v2\/media?parent=145206"}],"wp:term":[{"taxonomy":"category","embeddable":true,"href":"https:\/\/diariodamanhapelotas.com.br\/site\/wp-json\/wp\/v2\/categories?post=145206"},{"taxonomy":"post_tag","embeddable":true,"href":"https:\/\/diariodamanhapelotas.com.br\/site\/wp-json\/wp\/v2\/tags?post=145206"}],"curies":[{"name":"wp","href":"https:\/\/api.w.org\/{rel}","templated":true}]}}