{"id":145221,"date":"2025-06-19T20:38:17","date_gmt":"2025-06-19T23:38:17","guid":{"rendered":"https:\/\/diariodamanhapelotas.com.br\/site\/?p=145221"},"modified":"2025-06-19T20:39:21","modified_gmt":"2025-06-19T23:39:21","slug":"banrisul-anuncia-suspensao-da-negativacao-de-produtores-rurais-por-90-dias","status":"publish","type":"post","link":"https:\/\/diariodamanhapelotas.com.br\/site\/banrisul-anuncia-suspensao-da-negativacao-de-produtores-rurais-por-90-dias\/","title":{"rendered":"Banrisul anuncia suspens\u00e3o da negativa\u00e7\u00e3o de produtores rurais por 90 dias"},"content":{"rendered":"<h3 style=\"text-align: center;\"><strong><em>Prazo \u00e9 v\u00e1lido a partir de ter\u00e7a (24\/6) em raz\u00e3o do tempo necess\u00e1rio para retirar os negativados dos registros de inadimpl\u00eancia<\/em><\/strong><\/h3>\n<p>Em reuni\u00e3o extraordin\u00e1ria de diretoria realizada nesta quinta-feira (19\/6), o Banrisul decidiu suspender a negativa\u00e7\u00e3o de todos os produtores com cr\u00e9dito rural no banco. O prazo para essa interrup\u00e7\u00e3o \u00e9 de 90 dias, v\u00e1lidos a partir da pr\u00f3xima ter\u00e7a-feira (24\/6) em raz\u00e3o do tempo necess\u00e1rio para retirar os negativados dos registros de inadimpl\u00eancia.<\/p>\n<p dir=\"ltr\">A informa\u00e7\u00e3o foi confirmada pelo governador Eduardo Leite. &#8220;A decis\u00e3o do banco do Estado \u00e9 uma \u00f3tima not\u00edcia para os homens e mulheres do campo e refor\u00e7a nosso compromisso de estar ao lado de quem produz. Esperamos que, neste prazo, novas medidas venham a ser anunciadas pela Uni\u00e3o em favor dos produtores rurais ga\u00fachos, que tiveram perdas recorrentes nas sucessivas estiagens e enchentes dos \u00faltimos anos&#8221;, afirmou Leite.<\/p>\n<p dir=\"ltr\">&#8220;Nosso objetivo \u00e9 auxiliar e preservar esse importante setor econ\u00f4mico do Rio Grande do Sul&#8221;, destacou o presidente do Banrisul, Fernando Lemos.<\/p>\n","protected":false},"excerpt":{"rendered":"<p>Prazo \u00e9 v\u00e1lido a partir de ter\u00e7a (24\/6) em raz\u00e3o do tempo necess\u00e1rio para retirar os negativados dos registros de inadimpl\u00eancia Em reuni\u00e3o extraordin\u00e1ria de diretoria realizada nesta quinta-feira (19\/6),<\/p>\n","protected":false},"author":34,"featured_media":114737,"comment_status":"closed","ping_status":"closed","sticky":false,"template":"","format":"standard","meta":[],"categories":[305,857],"tags":[],"_links":{"self":[{"href":"https:\/\/diariodamanhapelotas.com.br\/site\/wp-json\/wp\/v2\/posts\/145221"}],"collection":[{"href":"https:\/\/diariodamanhapelotas.com.br\/site\/wp-json\/wp\/v2\/posts"}],"about":[{"href":"https:\/\/diariodamanhapelotas.com.br\/site\/wp-json\/wp\/v2\/types\/post"}],"author":[{"embeddable":true,"href":"https:\/\/diariodamanhapelotas.com.br\/site\/wp-json\/wp\/v2\/users\/34"}],"replies":[{"embeddable":true,"href":"https:\/\/diariodamanhapelotas.com.br\/site\/wp-json\/wp\/v2\/comments?post=145221"}],"version-history":[{"count":1,"href":"https:\/\/diariodamanhapelotas.com.br\/site\/wp-json\/wp\/v2\/posts\/145221\/revisions"}],"predecessor-version":[{"id":145223,"href":"https:\/\/diariodamanhapelotas.com.br\/site\/wp-json\/wp\/v2\/posts\/145221\/revisions\/145223"}],"wp:featuredmedia":[{"embeddable":true,"href":"https:\/\/diariodamanhapelotas.com.br\/site\/wp-json\/wp\/v2\/media\/114737"}],"wp:attachment":[{"href":"https:\/\/diariodamanhapelotas.com.br\/site\/wp-json\/wp\/v2\/media?parent=145221"}],"wp:term":[{"taxonomy":"category","embeddable":true,"href":"https:\/\/diariodamanhapelotas.com.br\/site\/wp-json\/wp\/v2\/categories?post=145221"},{"taxonomy":"post_tag","embeddable":true,"href":"https:\/\/diariodamanhapelotas.com.br\/site\/wp-json\/wp\/v2\/tags?post=145221"}],"curies":[{"name":"wp","href":"https:\/\/api.w.org\/{rel}","templated":true}]}}