{"id":145226,"date":"2025-06-20T08:27:57","date_gmt":"2025-06-20T11:27:57","guid":{"rendered":"https:\/\/diariodamanhapelotas.com.br\/site\/?p=145226"},"modified":"2025-06-20T08:27:57","modified_gmt":"2025-06-20T11:27:57","slug":"prefeitura-monitora-situacao-das-chuvas-no-municipio-2","status":"publish","type":"post","link":"https:\/\/diariodamanhapelotas.com.br\/site\/prefeitura-monitora-situacao-das-chuvas-no-municipio-2\/","title":{"rendered":"Prefeitura monitora situa\u00e7\u00e3o das chuvas no munic\u00edpio"},"content":{"rendered":"<p>Prefeito Fernando Marroni reuniu equipes para avaliar impactos e planejar a\u00e7\u00f5es preventivas<\/p>\n<p>A Prefeitura acompanha o cen\u00e1rio de chuvas no munic\u00edpio e mant\u00e9m mobiliza\u00e7\u00e3o para operar ininterruptamente o sistema de escoamento pluvial, assim como executar a\u00e7\u00f5es pontuais de micro e macrodrenagem. Na tarde da quarta-feira (18), o prefeito Fernando Marroni reuniu as equipes das secretarias de Assist\u00eancia Social (Sas), Defesa Civil, Desenvolvimento Rural (SDR), Obras e Pavimenta\u00e7\u00e3o (Smop), Servi\u00e7os Urbanos e Infraestrutura (Ssui) e Urbanismo (Seurb), al\u00e9m do Sanep, no Pa\u00e7o Municipal, para avalia\u00e7\u00e3o dos impactos, planejamento e proje\u00e7\u00f5es para o restante da semana.<\/p>\n<p><img loading=\"lazy\" class=\" wp-image-145227 aligncenter\" src=\"https:\/\/diariodamanhapelotas.com.br\/site\/wp-content\/uploads\/2025\/06\/defesa-civil-marroni-chuvas.jpg\" alt=\"\" width=\"672\" height=\"448\" srcset=\"https:\/\/diariodamanhapelotas.com.br\/site\/wp-content\/uploads\/2025\/06\/defesa-civil-marroni-chuvas.jpg 800w, https:\/\/diariodamanhapelotas.com.br\/site\/wp-content\/uploads\/2025\/06\/defesa-civil-marroni-chuvas-300x200.jpg 300w, https:\/\/diariodamanhapelotas.com.br\/site\/wp-content\/uploads\/2025\/06\/defesa-civil-marroni-chuvas-150x100.jpg 150w, https:\/\/diariodamanhapelotas.com.br\/site\/wp-content\/uploads\/2025\/06\/defesa-civil-marroni-chuvas-768x512.jpg 768w\" sizes=\"(max-width: 672px) 100vw, 672px\" \/><\/p>\n<p style=\"text-align: center;\"><em>Reuni\u00e3o define a\u00e7\u00f5es para enfrentamento das consequ\u00eancias das chuvas. Fotos: Volmer Perez<\/em><\/p>\n<p>Desde o \u00faltimo s\u00e1bado, foram 110 mil\u00edmetros de chuva registrados, em m\u00e9dia, pelos pluvi\u00f4metros instalados nas esta\u00e7\u00f5es de bombeamento do Sanep. Conforme levantamento do Centro de Pesquisas e Previs\u00f5es Meteorol\u00f3gicas (CPMet) da Universidade Federal de Pelotas (UFPel), o volume de chuva entre as 17h desta quarta e a quinta-feira (19) n\u00e3o deve ultrapassar 30 mil\u00edmetros.<\/p>\n<p>Embora n\u00e3o estejam previstos para Pelotas temporais como visto em regi\u00f5es como a Fronteira Oeste do estado, por exemplo, Marroni garante mobiliza\u00e7\u00e3o de equipes durante os pr\u00f3ximos dias, com monitoramento e atua\u00e7\u00e3o 24 horas para prevenir impactos. \u201cA Defesa Civil do munic\u00edpio est\u00e1 atenta \u00e0 situa\u00e7\u00e3o em todo o estado, juntamente com t\u00e9cnicos das \u00e1reas de meteorologia e hidrologia. Durante as chuvas, j\u00e1 podemos perceber melhora no escoamento em pontos de conflito onde j\u00e1 conseguimos trabalhar, como na avenida S\u00e3o Francisco de Paula. Temos locais mapeados que necessitam de interven\u00e7\u00e3o e equipes mobilizadas para atender demandas pontuais que possam surgir nos pr\u00f3ximos dias\u201d, salientou o prefeito.<\/p>\n<p>At\u00e9 este momento, n\u00e3o foi registrada nenhuma ocorr\u00eancia grave na cidade nem na zona rural. O telefone para a popula\u00e7\u00e3o informar emerg\u00eancias \u00e9 o (53) 997007575 &#8211; Defesa Civil.<\/p>\n","protected":false},"excerpt":{"rendered":"<p>Prefeito Fernando Marroni reuniu equipes para avaliar impactos e planejar a\u00e7\u00f5es preventivas A Prefeitura acompanha o cen\u00e1rio de chuvas no munic\u00edpio e mant\u00e9m mobiliza\u00e7\u00e3o para operar ininterruptamente o sistema de<\/p>\n","protected":false},"author":3,"featured_media":145228,"comment_status":"closed","ping_status":"closed","sticky":false,"template":"","format":"standard","meta":[],"categories":[305,149],"tags":[],"_links":{"self":[{"href":"https:\/\/diariodamanhapelotas.com.br\/site\/wp-json\/wp\/v2\/posts\/145226"}],"collection":[{"href":"https:\/\/diariodamanhapelotas.com.br\/site\/wp-json\/wp\/v2\/posts"}],"about":[{"href":"https:\/\/diariodamanhapelotas.com.br\/site\/wp-json\/wp\/v2\/types\/post"}],"author":[{"embeddable":true,"href":"https:\/\/diariodamanhapelotas.com.br\/site\/wp-json\/wp\/v2\/users\/3"}],"replies":[{"embeddable":true,"href":"https:\/\/diariodamanhapelotas.com.br\/site\/wp-json\/wp\/v2\/comments?post=145226"}],"version-history":[{"count":1,"href":"https:\/\/diariodamanhapelotas.com.br\/site\/wp-json\/wp\/v2\/posts\/145226\/revisions"}],"predecessor-version":[{"id":145229,"href":"https:\/\/diariodamanhapelotas.com.br\/site\/wp-json\/wp\/v2\/posts\/145226\/revisions\/145229"}],"wp:featuredmedia":[{"embeddable":true,"href":"https:\/\/diariodamanhapelotas.com.br\/site\/wp-json\/wp\/v2\/media\/145228"}],"wp:attachment":[{"href":"https:\/\/diariodamanhapelotas.com.br\/site\/wp-json\/wp\/v2\/media?parent=145226"}],"wp:term":[{"taxonomy":"category","embeddable":true,"href":"https:\/\/diariodamanhapelotas.com.br\/site\/wp-json\/wp\/v2\/categories?post=145226"},{"taxonomy":"post_tag","embeddable":true,"href":"https:\/\/diariodamanhapelotas.com.br\/site\/wp-json\/wp\/v2\/tags?post=145226"}],"curies":[{"name":"wp","href":"https:\/\/api.w.org\/{rel}","templated":true}]}}