{"id":146150,"date":"2025-07-30T15:59:16","date_gmt":"2025-07-30T18:59:16","guid":{"rendered":"https:\/\/diariodamanhapelotas.com.br\/site\/?p=146150"},"modified":"2025-07-30T16:01:39","modified_gmt":"2025-07-30T19:01:39","slug":"projeto-insurgencias-chega-a-pelotas-trazendo-programacao-cultural-gratuita-com-tres-espetaculos-e-duas-oficinas-de-artes-cenicas","status":"publish","type":"post","link":"https:\/\/diariodamanhapelotas.com.br\/site\/projeto-insurgencias-chega-a-pelotas-trazendo-programacao-cultural-gratuita-com-tres-espetaculos-e-duas-oficinas-de-artes-cenicas\/","title":{"rendered":"Projeto Insurg\u00eancias chega a Pelotas trazendo programa\u00e7\u00e3o cultural gratuita com tr\u00eas espet\u00e1culos e duas oficinas de artes c\u00eanicas"},"content":{"rendered":"<h3 style=\"text-align: center;\"><em>Atividades acontecem na UFPel de quarta a sexta-feira (30 de julho a 1\u00b0 de agosto) e contam com apresenta\u00e7\u00f5es das pe\u00e7as Negreiros, Gordan\u00e7a e CORPO CASULO, al\u00e9m de um eixo formativo sobre produ\u00e7\u00e3o cultural e acessibilidade<\/em><\/h3>\n<p>Iniciativa que vai circular pelo Rio Grande do Sul levando reflex\u00f5es sobre tem\u00e1ticas sociais urgentes, o projeto Insurg\u00eancias: protagonismo dissidente na cena inicia sua turn\u00ea em Pelotas com atividades de quarta a sexta-feira (30 de julho a 1\u00b0 de agosto), na UFPel. Durante os tr\u00eas dias, o p\u00fablico poder\u00e1 conferir gratuitamente tr\u00eas espet\u00e1culos ga\u00fachos que abordam temas diversos, como racismo, gordofobia, transgeneridade e acessibilidade, al\u00e9m de duas oficinas de artes c\u00eanicas.<\/p>\n<div id=\"attachment_146154\" style=\"width: 540px\" class=\"wp-caption aligncenter\"><img aria-describedby=\"caption-attachment-146154\" loading=\"lazy\" class=\"wp-image-146154\" src=\"https:\/\/diariodamanhapelotas.com.br\/site\/wp-content\/uploads\/2025\/07\/negreiros-palco-giratorio-credito-adriana-marchiori-3-site.jpg\" alt=\"\" width=\"530\" height=\"298\" srcset=\"https:\/\/diariodamanhapelotas.com.br\/site\/wp-content\/uploads\/2025\/07\/negreiros-palco-giratorio-credito-adriana-marchiori-3-site.jpg 800w, https:\/\/diariodamanhapelotas.com.br\/site\/wp-content\/uploads\/2025\/07\/negreiros-palco-giratorio-credito-adriana-marchiori-3-site-300x169.jpg 300w, https:\/\/diariodamanhapelotas.com.br\/site\/wp-content\/uploads\/2025\/07\/negreiros-palco-giratorio-credito-adriana-marchiori-3-site-150x84.jpg 150w, https:\/\/diariodamanhapelotas.com.br\/site\/wp-content\/uploads\/2025\/07\/negreiros-palco-giratorio-credito-adriana-marchiori-3-site-768x432.jpg 768w\" sizes=\"(max-width: 530px) 100vw, 530px\" \/><p id=\"caption-attachment-146154\" class=\"wp-caption-text\">Apresenta\u00e7\u00e3o do espet\u00e1culo Negreiros, estrelado por Juliano Felix, abre a programa\u00e7\u00e3o. Cr\u00e9dito da foto: Adriana Marchiori<\/p><\/div>\n<p>&nbsp;<\/p>\n<p>A programa\u00e7\u00e3o come\u00e7a na quarta, \u00e0s 17h30, com apresenta\u00e7\u00e3o da pe\u00e7a Negreiros &#8211; Hist\u00f3rias que a Hist\u00f3ria n\u00e3o conta, trabalho do Grupo Teatral Leva Eu que fala sobre tr\u00e1fico de pessoas e fluxos migrat\u00f3rios, ampliando o debate racial no Brasil. Depois, na quinta-feira, ser\u00e3o apresentadas Gordan\u00e7a: uma palestra dan\u00e7ada, da Cia T.O.D.A.S, que faz uma celebra\u00e7\u00e3o da corporalidade gorda em cena, unindo humor e mem\u00f3rias, em sess\u00e3o \u00e0s 11h; e CORPO CASULO, que resgata diferentes hist\u00f3rias entrela\u00e7adas pela viv\u00eancia da transgeneridade, em produ\u00e7\u00e3o assinada pelo Coletivo Intransitivo, \u00e0s 17h30.<\/p>\n<p>O eixo formativo ser\u00e1 realizado na sexta-feira. Haver\u00e1 uma oficina de produ\u00e7\u00e3o cultural ministrada pelos artistas multidisciplinares Gustavo Deon, Igor Ramos, Juliana Johann e Luka Machado, das 9h \u00e0s 12h; e outra de acessibilidade cultural, facilitada por Lucas Bourscheid, pioneiro na inclus\u00e3o cultural como o primeiro ator surdo com registro profissional no Estado, e por Lucas Terres, int\u00e9rprete de Libras respons\u00e1vel pela acessibilidade em toda a programa\u00e7\u00e3o, das 14h \u00e0s 15h30.<\/p>\n<p>A programa\u00e7\u00e3o \u00e9 totalmente gratuita. Os ingressos para os espet\u00e1culos podem ser retirados sem custo pelo Sympla e as inscri\u00e7\u00f5es para as oficinas podem ser feitas pelo formul\u00e1rio disponibilizado nas redes sociais pelo @insurgenciasnacena.<\/p>\n<p>Ap\u00f3s a temporada em Pelotas, o projeto ainda passar\u00e1 por outras cinco cidades do Estado. A circula\u00e7\u00e3o inclui paradas em Santa Maria de 27 a 29 de agosto, em Bag\u00e9 de 30 de agosto a 1\u00b0 de setembro, em Caxias do Sul de 5 a 7 de setembro e em Passo Fundo entre 26 e 29 de setembro. O encerramento ser\u00e1 em Porto Alegre, com programa\u00e7\u00e3o realizada em diferentes espa\u00e7os universit\u00e1rios, entre os meses de setembro e outubro, com datas a serem confirmadas em breve. Ao todo, ser\u00e3o 18 apresenta\u00e7\u00f5es e 14 oficinas realizadas nos seis munic\u00edpios ga\u00fachos.<\/p>\n<p>O projeto \u00e9 realizado com recursos do Edital Sedac n\u00ba 26\/2024 PNAB RS &#8211; Artes C\u00eanicas, com financiamento Pr\u00f3-Cultura do Governo do Estado do Rio Grande do Sul e realiza\u00e7\u00e3o do Minist\u00e9rio da Cultura do Governo Federal. A iniciativa, al\u00e9m de ser aprovada, recebeu uma bonifica\u00e7\u00e3o do IEACEN &#8211; Instituto Estadual de Artes C\u00eanicas, que possibilitou dobrar o n\u00famero de a\u00e7\u00f5es previstas inicialmente e alcan\u00e7ar ainda mais territ\u00f3rios com a proposta de experi\u00eancias.<\/p>\n<h4 style=\"text-align: center;\"><strong>Conhe\u00e7a detalhes da programa\u00e7\u00e3o em Pelotas<\/strong><\/h4>\n<ul>\n<li><strong>Espet\u00e1culo Negreiros &#8211; Hist\u00f3rias que a Hist\u00f3ria n\u00e3o conta &#8211; Dia 30 de julho, quarta-feira, \u00e0s 17h30<\/strong><\/li>\n<\/ul>\n<p>A montagem do Grupo Teatral Leva Eu prop\u00f5e um mergulho na escraviza\u00e7\u00e3o contempor\u00e2nea que envolve o tr\u00e1fico de pessoas, fluxos migrat\u00f3rios e a amplia\u00e7\u00e3o do debate racial no Brasil. A pe\u00e7a, estrelada por Juliano Felix, Cigarra e Lucas Terres, parte de alguns disparadores para dialogar com o passado e o presente, misturando fatos hist\u00f3ricos e pol\u00edticos sobre a condi\u00e7\u00e3o real e atual do negro no Pa\u00eds, procurando ampliar a discuss\u00e3o dial\u00e9tica sobre a criminaliza\u00e7\u00e3o e a morte da juventude negra nas periferias. Com dire\u00e7\u00e3o geral de Igor Ramos e dramaturgia de Diego Ferreira, o espet\u00e1culo serve como met\u00e1fora para provocar outros olhares sobre situa\u00e7\u00f5es contempor\u00e2neas an\u00e1logas ao trabalho escravo e, consecutivamente, falar sobre racismo, preconceito e corpo negro (des)colonizado na cena.<\/p>\n<ul>\n<li><strong>Espet\u00e1culo Gordan\u00e7a: uma palestra dan\u00e7ada &#8211; Dia 31 de julho, quinta-feira, \u00e0s 11h<\/strong><\/li>\n<\/ul>\n<p>A pe\u00e7a tem como tem\u00e1tica a corporalidade gorda, as viv\u00eancias, viol\u00eancias e prazeres desse corpo no mundo. Em cena est\u00e1 Renata Teixeira, atriz bailarina gorda que joga com conceitos e mem\u00f3rias, mesclando narrativas pessoais com reflex\u00f5es sobre gordofobia, press\u00e3o est\u00e9tica e padr\u00f5es corporais. Atrav\u00e9s da exposi\u00e7\u00e3o do sens\u00edvel, da proximidade com o p\u00fablico, do humor, da for\u00e7a do balan\u00e7o da carne, da beleza da curva, do ritmo da dobra, a montagem com dire\u00e7\u00e3o de Guadalupe Casal e com dramaturgia assinada por Renata em parceria com Patricia Fagundes, articula den\u00fancias e possibilidades de transforma\u00e7\u00e3o, celebrando a diversidade do que podemos ser.<\/p>\n<ul>\n<li><strong>Espet\u00e1culo CORPO CASULO &#8211; Dia 31 de julho, quinta-feira, \u00e0s 17h30<\/strong><\/li>\n<\/ul>\n<p>O trabalho tem como tema central a transgeneridade. Encenado por Gustavo Deon, uma pessoa transmasculina, e produzido por uma equipe majoritariamente formada por pessoas trans, a narrativa apresenta as viv\u00eancias do ator, costuradas a hist\u00f3rias de outras pessoas trans e da mem\u00f3ria social na qual vivemos culturalmente. O trabalho \u00e9 um mon\u00f3logo e conta com a codire\u00e7\u00e3o e produ\u00e7\u00e3o de Luka Machado. Atrav\u00e9s das ferramentas de di\u00e1logo que o coletivo encontra na arte, o espet\u00e1culo busca proporcionar momentos para sentir, na tentativa de contribuir na constru\u00e7\u00e3o de uma sociedade onde os direitos das pessoas trans sejam respeitados, os corpos naturalizados e a hist\u00f3ria lembrada.<\/p>\n<ul>\n<li><strong>Oficina Produ\u00e7\u00e3o Cultural &#8211; 1\u00b0 de agosto, sexta-feira, \u00e0s 9h<\/strong><\/li>\n<\/ul>\n<p>Oficina com foco em gest\u00e3o de equipamentos culturais, gest\u00e3o de grupos, elabora\u00e7\u00e3o de projetos culturais e comunica\u00e7\u00e3o para projetos culturais, ministrada pelos artistas multidisciplinares Gustavo Deon, Igor Ramos, Juliana Johann e Luka Machado.<\/p>\n<ul>\n<li><strong>Oficina Acessibilidade Cultural &#8211; 1\u00b0 de agosto, sexta-feira, \u00e0s 14h<\/strong><\/li>\n<\/ul>\n<p>Oficina com foco em acessibilidade comunicacional e Libras, facilitada por Lucas Bourscheid, pioneiro na inclus\u00e3o cultural como o primeiro ator surdo com registro profissional no Estado, e por Lucas Terres, int\u00e9rprete de Libras respons\u00e1vel pela acessibilidade em toda a programa\u00e7\u00e3o.<\/p>\n<h4 style=\"text-align: center;\"><strong>Servi\u00e7o<\/strong><\/h4>\n<p>Insurg\u00eancias: protagonismo dissidente na cena em Pelotas<br \/>\nPrograma\u00e7\u00e3o cultural gratuita e acess\u00edvel em Libras, com espet\u00e1culos e oficinas<br \/>\nDia 30 de julho, quarta-feira, \u00e0s 17h30 &#8211; Espet\u00e1culo Negreiros &#8211; Hist\u00f3rias que a Hist\u00f3ria n\u00e3o conta<br \/>\nDia 31 de julho, quinta-feira, \u00e0s 11h &#8211; Espet\u00e1culo Gordan\u00e7a: uma palestra dan\u00e7ada<br \/>\nDia 31 de julho, quinta-feira, \u00e0s 17h30 &#8211; Espet\u00e1culo CORPO CASULO<br \/>\nDia 1\u00b0 de agosto, sexta-feira, \u00e0s 9h &#8211; Oficina de Produ\u00e7\u00e3o Cultural<br \/>\nDia 1\u00b0 de agosto, sexta-feira, \u00e0s 14h &#8211; Oficina de Acessibilidade Cultural<br \/>\nCentro de Artes da Universidade Federal de Pelotas (Rua Alberto Rosa, 117 &#8211; Centro &#8211; Pelotas\/RS)<\/p>\n<h4 style=\"text-align: center;\">Gratuito<\/h4>\n<p>Ingressos para os espet\u00e1culos podem ser retirados gratuitamente pelo Sympla<br \/>\nInscri\u00e7\u00f5es para o eixo formativo podem ser feitas pelo formul\u00e1rio disponibilizado no perfil do Instagram @insurgenciasnacena<\/p>\n<h4 style=\"text-align: center;\">Pr\u00f3ximas paradas do projeto<\/h4>\n<p>De 27 a 29 de agosto &#8211; Universidade Federal de Santa Maria<br \/>\nDe 30 de agosto a 1\u00b0 de setembro &#8211; Secretaria de Cultura de Bag\u00e9<br \/>\nDe 5 a 7 de setembro &#8211; Universidade de Caxias do Sul<br \/>\nDe 26 a 29 de setembro &#8211; Sesc Passo Fundo<br \/>\nEntre setembro e outubro &#8211; Porto Alegre, em locais a confirmar<\/p>\n","protected":false},"excerpt":{"rendered":"<p>Atividades acontecem na UFPel de quarta a sexta-feira (30 de julho a 1\u00b0 de agosto) e contam com apresenta\u00e7\u00f5es das pe\u00e7as Negreiros, Gordan\u00e7a e CORPO CASULO, al\u00e9m de um eixo<\/p>\n","protected":false},"author":34,"featured_media":146155,"comment_status":"closed","ping_status":"closed","sticky":false,"template":"","format":"standard","meta":[],"categories":[305,32],"tags":[],"_links":{"self":[{"href":"https:\/\/diariodamanhapelotas.com.br\/site\/wp-json\/wp\/v2\/posts\/146150"}],"collection":[{"href":"https:\/\/diariodamanhapelotas.com.br\/site\/wp-json\/wp\/v2\/posts"}],"about":[{"href":"https:\/\/diariodamanhapelotas.com.br\/site\/wp-json\/wp\/v2\/types\/post"}],"author":[{"embeddable":true,"href":"https:\/\/diariodamanhapelotas.com.br\/site\/wp-json\/wp\/v2\/users\/34"}],"replies":[{"embeddable":true,"href":"https:\/\/diariodamanhapelotas.com.br\/site\/wp-json\/wp\/v2\/comments?post=146150"}],"version-history":[{"count":2,"href":"https:\/\/diariodamanhapelotas.com.br\/site\/wp-json\/wp\/v2\/posts\/146150\/revisions"}],"predecessor-version":[{"id":146157,"href":"https:\/\/diariodamanhapelotas.com.br\/site\/wp-json\/wp\/v2\/posts\/146150\/revisions\/146157"}],"wp:featuredmedia":[{"embeddable":true,"href":"https:\/\/diariodamanhapelotas.com.br\/site\/wp-json\/wp\/v2\/media\/146155"}],"wp:attachment":[{"href":"https:\/\/diariodamanhapelotas.com.br\/site\/wp-json\/wp\/v2\/media?parent=146150"}],"wp:term":[{"taxonomy":"category","embeddable":true,"href":"https:\/\/diariodamanhapelotas.com.br\/site\/wp-json\/wp\/v2\/categories?post=146150"},{"taxonomy":"post_tag","embeddable":true,"href":"https:\/\/diariodamanhapelotas.com.br\/site\/wp-json\/wp\/v2\/tags?post=146150"}],"curies":[{"name":"wp","href":"https:\/\/api.w.org\/{rel}","templated":true}]}}