{"id":146151,"date":"2025-07-30T15:47:58","date_gmt":"2025-07-30T18:47:58","guid":{"rendered":"https:\/\/diariodamanhapelotas.com.br\/site\/?p=146151"},"modified":"2025-07-30T15:47:58","modified_gmt":"2025-07-30T18:47:58","slug":"com-demanda-fraca-e-juros-altos-industria-gaucha-reduz-producao-em-junho","status":"publish","type":"post","link":"https:\/\/diariodamanhapelotas.com.br\/site\/com-demanda-fraca-e-juros-altos-industria-gaucha-reduz-producao-em-junho\/","title":{"rendered":"Com demanda fraca e juros altos, ind\u00fastria ga\u00facha reduz produ\u00e7\u00e3o em junho"},"content":{"rendered":"<h3 style=\"text-align: center;\"><em>Sondagem da FIERGS mostra queda acima da m\u00e9dia hist\u00f3rica e <\/em><em>otimismo cauteloso marca as expectativas para os pr\u00f3ximos meses<\/em><\/h3>\n<p>A atividade industrial no Rio Grande do Sul recuou em junho, pressionada pela demanda interna fraca e pelas altas taxas de juros. Segundo a pesquisa Sondagem Industrial divulgada pelo Sistema FIERGS, nesta quarta-feira (30), o \u00edndice de produ\u00e7\u00e3o ficou em 45 pontos, abaixo da linha dos 50 \u2013 que separa crescimento de queda \u2013 e inferior \u00e0 m\u00e9dia hist\u00f3rica para o m\u00eas, de 46,8 pontos.<\/p>\n<p>De acordo com os empres\u00e1rios entrevistados, as dificuldades no mercado dom\u00e9stico e o alto custo do cr\u00e9dito seguem como os principais entraves enfrentados pela ind\u00fastria ga\u00facha no segundo trimestre de 2025, repetindo o cen\u00e1rio do primeiro trimestre. \u201cO momento \u00e9 preocupante. As taxas de juros elevadas e a instabilidade nas rela\u00e7\u00f5es comerciais com os Estados Unidos deixam o setor em alerta\u201d, afirmou o presidente do Sistema FIERGS, Claudio Bier.<\/p>\n<p>O n\u00edvel de emprego tamb\u00e9m registrou retra\u00e7\u00e3o, com \u00edndice de 48,9 pontos. Apesar da queda, o resultado \u00e9 menos severo do que a m\u00e9dia hist\u00f3rica de junho, que \u00e9 de 47 pontos. A utiliza\u00e7\u00e3o da capacidade instalada (UCI) avan\u00e7ou ligeiramente, passando de 69% em maio para 70% em junho, mas continua abaixo do considerado normal para o m\u00eas. J\u00e1 os estoques cresceram pelo terceiro m\u00eas consecutivo, permanecendo acima do n\u00edvel planejado pelas empresas. Ainda conforme a pesquisa, as empresas demonstraram maior insatisfa\u00e7\u00e3o com a situa\u00e7\u00e3o financeira e com as margens de lucro.<\/p>\n<h4 style=\"text-align: center;\"><strong>EXPECTATIVAS<\/strong><\/h4>\n<p>Apesar do cen\u00e1rio adverso, as expectativas dos industriais melhoraram levemente em rela\u00e7\u00e3o aos meses anteriores. Os empres\u00e1rios demonstram um otimismo cauteloso quanto \u00e0 demanda e ao emprego, e a inten\u00e7\u00e3o de investir aumentou em junho. A pesquisa captou apenas parcialmente o impacto do an\u00fancio feito pelo presidente dos Estados Unidos, Donald Trump, em 9 de julho, sobre a aplica\u00e7\u00e3o de tarifas de 50% a produtos brasileiros. A coleta de dados foi encerrada no dia seguinte, 10 de julho. O levantamento foi realizado com 153 ind\u00fastrias ga\u00fachas, sendo 39 pequenas, 55 m\u00e9dias e 59 grandes.<\/p>\n<p>Leia a pesquisa na \u00edntegra em\u00a0<u><a href=\"https:\/\/observatoriodaindustriars.org.br\/inteligencia-areas\/sondagem-industrial\/\" target=\"_blank\" rel=\"noopener noreferrer\">https:\/\/observatoriodaindustriars.org.br\/inteligencia-areas\/sondagem-industrial<\/a><strong><a href=\"https:\/\/observatoriodaindustriars.org.br\/inteligencia-areas\/sondagem-industrial\/\">\/<\/a><\/strong><\/u>.<\/p>\n","protected":false},"excerpt":{"rendered":"<p>Sondagem da FIERGS mostra queda acima da m\u00e9dia hist\u00f3rica e otimismo cauteloso marca as expectativas para os pr\u00f3ximos meses A atividade industrial no Rio Grande do Sul recuou em junho,<\/p>\n","protected":false},"author":3,"featured_media":146152,"comment_status":"closed","ping_status":"closed","sticky":false,"template":"","format":"standard","meta":[],"categories":[305,31],"tags":[],"_links":{"self":[{"href":"https:\/\/diariodamanhapelotas.com.br\/site\/wp-json\/wp\/v2\/posts\/146151"}],"collection":[{"href":"https:\/\/diariodamanhapelotas.com.br\/site\/wp-json\/wp\/v2\/posts"}],"about":[{"href":"https:\/\/diariodamanhapelotas.com.br\/site\/wp-json\/wp\/v2\/types\/post"}],"author":[{"embeddable":true,"href":"https:\/\/diariodamanhapelotas.com.br\/site\/wp-json\/wp\/v2\/users\/3"}],"replies":[{"embeddable":true,"href":"https:\/\/diariodamanhapelotas.com.br\/site\/wp-json\/wp\/v2\/comments?post=146151"}],"version-history":[{"count":1,"href":"https:\/\/diariodamanhapelotas.com.br\/site\/wp-json\/wp\/v2\/posts\/146151\/revisions"}],"predecessor-version":[{"id":146153,"href":"https:\/\/diariodamanhapelotas.com.br\/site\/wp-json\/wp\/v2\/posts\/146151\/revisions\/146153"}],"wp:featuredmedia":[{"embeddable":true,"href":"https:\/\/diariodamanhapelotas.com.br\/site\/wp-json\/wp\/v2\/media\/146152"}],"wp:attachment":[{"href":"https:\/\/diariodamanhapelotas.com.br\/site\/wp-json\/wp\/v2\/media?parent=146151"}],"wp:term":[{"taxonomy":"category","embeddable":true,"href":"https:\/\/diariodamanhapelotas.com.br\/site\/wp-json\/wp\/v2\/categories?post=146151"},{"taxonomy":"post_tag","embeddable":true,"href":"https:\/\/diariodamanhapelotas.com.br\/site\/wp-json\/wp\/v2\/tags?post=146151"}],"curies":[{"name":"wp","href":"https:\/\/api.w.org\/{rel}","templated":true}]}}