{"id":146863,"date":"2025-08-25T14:25:45","date_gmt":"2025-08-25T17:25:45","guid":{"rendered":"https:\/\/diariodamanhapelotas.com.br\/site\/?p=146863"},"modified":"2025-08-25T14:25:45","modified_gmt":"2025-08-25T17:25:45","slug":"ubss-da-zona-rural-retomam-atividades","status":"publish","type":"post","link":"https:\/\/diariodamanhapelotas.com.br\/site\/ubss-da-zona-rural-retomam-atividades\/","title":{"rendered":"UBSs da zona rural retomam atividades"},"content":{"rendered":"<h3 style=\"text-align: center;\"><em>Unidades de Monte Bonito e Gruppelli tiveram atendimento interrompido pela falta de \u00e1gua, luz e internet nesta segunda-feira<\/em><\/h3>\n<p><span style=\"font-style: inherit; font-weight: inherit;\"><span style=\"font-size: medium;\">Das 12 Unidades B\u00e1sicas de Sa\u00fade (UBSs) da zona rural, com atendimento suspenso na sexta-feira (22), devido ao rigor clim\u00e1tico, dez retomaram normalmente as atividades nesta segunda-feira (25), recebendo o p\u00fablico de forma habitual. A Unidade de Monte Bonito teve o expediente interrompido, nesta manh\u00e3, por falta de \u00e1gua e luz. A do Gruppelli atende at\u00e9 o meio-dia, pela falta parcial de \u00e1gua, de acordo com informa\u00e7\u00f5es da diretora de Aten\u00e7\u00e3o Prim\u00e1ria da Secretaria Municipal de Sa\u00fade (SMS), C\u00e2ndida Rodrigues.<\/span><\/span><\/p>\n<p><span style=\"font-style: inherit; font-weight: inherit;\"><span style=\"font-size: medium;\">Da noite de quinta-feira (21) \u00e0 tarde de s\u00e1bado (23), o volume de chuva acumulado em Pelotas chegou pr\u00f3ximo da m\u00e9dia mensal de 120 mil\u00edmetros. A situa\u00e7\u00e3o inviabilizou as atividades das UBSs da col\u00f4nia, que acabaram fechadas na sexta-feira. Quanto \u00e0 normaliza\u00e7\u00e3o do atendimento das duas Unidades com expediente interrompido, provid\u00eancias j\u00e1 est\u00e3o em andamento.<\/span><\/span><\/p>\n<p><span style=\"font-style: inherit; font-weight: inherit;\"><span style=\"font-size: medium;\">A Aten\u00e7\u00e3o Prim\u00e1ria indica as UBSs Cordeiro de Farias e Pedreiras para atendimento a usu\u00e1rios da UBS Monte Bonito, enquanto essa permanecer fechada. Os da Unidade Gruppelli poder\u00e3o procurar as UBSs de refer\u00eancia Maciel e Triunfo.<\/span><\/span><\/p>\n<p>&nbsp;<\/p>\n","protected":false},"excerpt":{"rendered":"<p>Unidades de Monte Bonito e Gruppelli tiveram atendimento interrompido pela falta de \u00e1gua, luz e internet nesta segunda-feira Das 12 Unidades B\u00e1sicas de Sa\u00fade (UBSs) da zona rural, com atendimento<\/p>\n","protected":false},"author":3,"featured_media":146864,"comment_status":"closed","ping_status":"closed","sticky":false,"template":"","format":"standard","meta":[],"categories":[305,150],"tags":[],"_links":{"self":[{"href":"https:\/\/diariodamanhapelotas.com.br\/site\/wp-json\/wp\/v2\/posts\/146863"}],"collection":[{"href":"https:\/\/diariodamanhapelotas.com.br\/site\/wp-json\/wp\/v2\/posts"}],"about":[{"href":"https:\/\/diariodamanhapelotas.com.br\/site\/wp-json\/wp\/v2\/types\/post"}],"author":[{"embeddable":true,"href":"https:\/\/diariodamanhapelotas.com.br\/site\/wp-json\/wp\/v2\/users\/3"}],"replies":[{"embeddable":true,"href":"https:\/\/diariodamanhapelotas.com.br\/site\/wp-json\/wp\/v2\/comments?post=146863"}],"version-history":[{"count":1,"href":"https:\/\/diariodamanhapelotas.com.br\/site\/wp-json\/wp\/v2\/posts\/146863\/revisions"}],"predecessor-version":[{"id":146865,"href":"https:\/\/diariodamanhapelotas.com.br\/site\/wp-json\/wp\/v2\/posts\/146863\/revisions\/146865"}],"wp:featuredmedia":[{"embeddable":true,"href":"https:\/\/diariodamanhapelotas.com.br\/site\/wp-json\/wp\/v2\/media\/146864"}],"wp:attachment":[{"href":"https:\/\/diariodamanhapelotas.com.br\/site\/wp-json\/wp\/v2\/media?parent=146863"}],"wp:term":[{"taxonomy":"category","embeddable":true,"href":"https:\/\/diariodamanhapelotas.com.br\/site\/wp-json\/wp\/v2\/categories?post=146863"},{"taxonomy":"post_tag","embeddable":true,"href":"https:\/\/diariodamanhapelotas.com.br\/site\/wp-json\/wp\/v2\/tags?post=146863"}],"curies":[{"name":"wp","href":"https:\/\/api.w.org\/{rel}","templated":true}]}}