{"id":146872,"date":"2025-08-25T16:05:35","date_gmt":"2025-08-25T19:05:35","guid":{"rendered":"https:\/\/diariodamanhapelotas.com.br\/site\/?p=146872"},"modified":"2025-08-25T16:05:35","modified_gmt":"2025-08-25T19:05:35","slug":"fruki-bebidas-abre-mais-de-100-oportunidades-de-trabalho","status":"publish","type":"post","link":"https:\/\/diariodamanhapelotas.com.br\/site\/fruki-bebidas-abre-mais-de-100-oportunidades-de-trabalho\/","title":{"rendered":"Fruki Bebidas abre mais de 100 oportunidades de trabalho"},"content":{"rendered":"<h3 style=\"text-align: center;\"><em>Plano Ver\u00e3o contempla vagas efetivas e tempor\u00e1rias em Lajeado, Paverama, Canoas, Os\u00f3rio, Farroupilha, Pelotas, Santa Maria e Santo \u00c2ngelo, no Rio Grande do Sul, e Bigua\u00e7u, em Santa Catarina<\/em><\/h3>\n<p>A Fruki Bebidas est\u00e1 ampliando seu quadro de profissionais no Rio Grande do Sul e em Santa Catarina. As contrata\u00e7\u00f5es levam em conta o crescimento da empresa e a necessidade para o per\u00edodo primavera-ver\u00e3o, quando o setor de bebidas registra alta de demanda. As contrata\u00e7\u00f5es para as mais de 100 oportunidades, divididas entre efetivas e tempor\u00e1rias, iniciam neste m\u00eas e seguem at\u00e9 novembro. As oportunidades s\u00e3o para atua\u00e7\u00e3o nos munic\u00edpios de Lajeado, Paverama, Canoas, Os\u00f3rio, Farroupilha,\u00a0Pelotas, Santa Maria e Santo \u00c2ngelo, no Rio Grande do Sul,\u00a0e Bigua\u00e7u, em\u00a0Santa Catarina.<\/p>\n<p>As vagas est\u00e3o distribu\u00eddas entre as fun\u00e7\u00f5es de motorista, manobrista, assistente de log\u00edstica, auxiliar de entrega, auxiliar de dep\u00f3sito,<strong>\u00a0<\/strong>operador(a) de empilhadeira e conferente.<\/p>\n<p>Os profissionais efetivados contratados receber\u00e3o os seguintes benef\u00edcios: planos de sa\u00fade e odontol\u00f3gico, Programa de Participa\u00e7\u00e3o de Resultados (PPR), programa de bolsa de estudo, aux\u00edlio escolar, Gympass, seguro de vida, vale-transporte, vale refei\u00e7\u00e3o e alimenta\u00e7\u00e3o, canal de acolhimento 24h por dia para apoio psicol\u00f3gico, financeiro e jur\u00eddico.<\/p>\n<p>Para se candidatar, basta acessar:\u00a0<strong><u><a href=\"https:\/\/vagasfruki.gupy.io\/\" target=\"_blank\" rel=\"noopener noreferrer\">https:\/\/vagasfruki.gupy.io\/<\/a><\/u><\/strong>.<\/p>\n<p>Foto Frederico Sehn<\/p>\n","protected":false},"excerpt":{"rendered":"<p>Plano Ver\u00e3o contempla vagas efetivas e tempor\u00e1rias em Lajeado, Paverama, Canoas, Os\u00f3rio, Farroupilha, Pelotas, Santa Maria e Santo \u00c2ngelo, no Rio Grande do Sul, e Bigua\u00e7u, em Santa Catarina A<\/p>\n","protected":false},"author":3,"featured_media":146873,"comment_status":"closed","ping_status":"closed","sticky":false,"template":"","format":"standard","meta":[],"categories":[305,31],"tags":[],"_links":{"self":[{"href":"https:\/\/diariodamanhapelotas.com.br\/site\/wp-json\/wp\/v2\/posts\/146872"}],"collection":[{"href":"https:\/\/diariodamanhapelotas.com.br\/site\/wp-json\/wp\/v2\/posts"}],"about":[{"href":"https:\/\/diariodamanhapelotas.com.br\/site\/wp-json\/wp\/v2\/types\/post"}],"author":[{"embeddable":true,"href":"https:\/\/diariodamanhapelotas.com.br\/site\/wp-json\/wp\/v2\/users\/3"}],"replies":[{"embeddable":true,"href":"https:\/\/diariodamanhapelotas.com.br\/site\/wp-json\/wp\/v2\/comments?post=146872"}],"version-history":[{"count":1,"href":"https:\/\/diariodamanhapelotas.com.br\/site\/wp-json\/wp\/v2\/posts\/146872\/revisions"}],"predecessor-version":[{"id":146874,"href":"https:\/\/diariodamanhapelotas.com.br\/site\/wp-json\/wp\/v2\/posts\/146872\/revisions\/146874"}],"wp:featuredmedia":[{"embeddable":true,"href":"https:\/\/diariodamanhapelotas.com.br\/site\/wp-json\/wp\/v2\/media\/146873"}],"wp:attachment":[{"href":"https:\/\/diariodamanhapelotas.com.br\/site\/wp-json\/wp\/v2\/media?parent=146872"}],"wp:term":[{"taxonomy":"category","embeddable":true,"href":"https:\/\/diariodamanhapelotas.com.br\/site\/wp-json\/wp\/v2\/categories?post=146872"},{"taxonomy":"post_tag","embeddable":true,"href":"https:\/\/diariodamanhapelotas.com.br\/site\/wp-json\/wp\/v2\/tags?post=146872"}],"curies":[{"name":"wp","href":"https:\/\/api.w.org\/{rel}","templated":true}]}}