{"id":146875,"date":"2025-08-25T17:36:57","date_gmt":"2025-08-25T20:36:57","guid":{"rendered":"https:\/\/diariodamanhapelotas.com.br\/site\/?p=146875"},"modified":"2025-08-25T17:36:57","modified_gmt":"2025-08-25T20:36:57","slug":"edital-szortyka-leilao-praca-e-intimacao-2a-vara-do-trabalho-de-pelotas","status":"publish","type":"post","link":"https:\/\/diariodamanhapelotas.com.br\/site\/edital-szortyka-leilao-praca-e-intimacao-2a-vara-do-trabalho-de-pelotas\/","title":{"rendered":"Edital Szortyka Leil\u00e3o Pra\u00e7a e Intima\u00e7\u00e3o 2\u00aa Vara do Trabalho de Pelotas"},"content":{"rendered":"<p><strong>Edital publicado em 25 de agosto de 2025.<\/strong><\/p>\n<p><a href=\"http:\/\/www.szortykaleiloes.com.br\" target=\"_blank\" rel=\"noopener noreferrer\"><img loading=\"lazy\" class=\"size-full wp-image-146876 aligncenter\" src=\"https:\/\/diariodamanhapelotas.com.br\/site\/wp-content\/uploads\/2025\/08\/edital-szortyka-leilao-e-intimacao-2-vara-do-trabalho-de-pelotas-assinado.jpg\" rel=\"lightbox\" title=\"Edital Szortyka Leil\u00e3o Pra\u00e7a e Intima\u00e7\u00e3o 2\u00aa Vara do Trabalho de Pelotas\" alt=\"\" width=\"676\" height=\"600\" srcset=\"https:\/\/diariodamanhapelotas.com.br\/site\/wp-content\/uploads\/2025\/08\/edital-szortyka-leilao-e-intimacao-2-vara-do-trabalho-de-pelotas-assinado.jpg 676w, https:\/\/diariodamanhapelotas.com.br\/site\/wp-content\/uploads\/2025\/08\/edital-szortyka-leilao-e-intimacao-2-vara-do-trabalho-de-pelotas-assinado-300x266.jpg 300w, https:\/\/diariodamanhapelotas.com.br\/site\/wp-content\/uploads\/2025\/08\/edital-szortyka-leilao-e-intimacao-2-vara-do-trabalho-de-pelotas-assinado-150x133.jpg 150w\" sizes=\"(max-width: 676px) 100vw, 676px\" \/><\/a><\/p>\n","protected":false},"excerpt":{"rendered":"<p>Edital publicado em 25 de agosto de 2025.<\/p>\n","protected":false},"author":3,"featured_media":116067,"comment_status":"closed","ping_status":"closed","sticky":false,"template":"","format":"standard","meta":[],"categories":[887],"tags":[],"_links":{"self":[{"href":"https:\/\/diariodamanhapelotas.com.br\/site\/wp-json\/wp\/v2\/posts\/146875"}],"collection":[{"href":"https:\/\/diariodamanhapelotas.com.br\/site\/wp-json\/wp\/v2\/posts"}],"about":[{"href":"https:\/\/diariodamanhapelotas.com.br\/site\/wp-json\/wp\/v2\/types\/post"}],"author":[{"embeddable":true,"href":"https:\/\/diariodamanhapelotas.com.br\/site\/wp-json\/wp\/v2\/users\/3"}],"replies":[{"embeddable":true,"href":"https:\/\/diariodamanhapelotas.com.br\/site\/wp-json\/wp\/v2\/comments?post=146875"}],"version-history":[{"count":1,"href":"https:\/\/diariodamanhapelotas.com.br\/site\/wp-json\/wp\/v2\/posts\/146875\/revisions"}],"predecessor-version":[{"id":146877,"href":"https:\/\/diariodamanhapelotas.com.br\/site\/wp-json\/wp\/v2\/posts\/146875\/revisions\/146877"}],"wp:featuredmedia":[{"embeddable":true,"href":"https:\/\/diariodamanhapelotas.com.br\/site\/wp-json\/wp\/v2\/media\/116067"}],"wp:attachment":[{"href":"https:\/\/diariodamanhapelotas.com.br\/site\/wp-json\/wp\/v2\/media?parent=146875"}],"wp:term":[{"taxonomy":"category","embeddable":true,"href":"https:\/\/diariodamanhapelotas.com.br\/site\/wp-json\/wp\/v2\/categories?post=146875"},{"taxonomy":"post_tag","embeddable":true,"href":"https:\/\/diariodamanhapelotas.com.br\/site\/wp-json\/wp\/v2\/tags?post=146875"}],"curies":[{"name":"wp","href":"https:\/\/api.w.org\/{rel}","templated":true}]}}