{"id":146896,"date":"2025-08-26T09:18:42","date_gmt":"2025-08-26T12:18:42","guid":{"rendered":"https:\/\/diariodamanhapelotas.com.br\/site\/?p=146896"},"modified":"2025-08-26T09:18:42","modified_gmt":"2025-08-26T12:18:42","slug":"lobas-recebem-visita-de-olheiros-do-gremio-em-pelotas-neste-sabado-30","status":"publish","type":"post","link":"https:\/\/diariodamanhapelotas.com.br\/site\/lobas-recebem-visita-de-olheiros-do-gremio-em-pelotas-neste-sabado-30\/","title":{"rendered":"Lobas recebem visita de olheiros do Gr\u00eamio em Pelotas neste s\u00e1bado (30)"},"content":{"rendered":"<h3 style=\"text-align: center;\"><em>Presen\u00e7a da comiss\u00e3o t\u00e9cnica do tricolor refor\u00e7a o compromisso de ambos os clubes com a valoriza\u00e7\u00e3o das categorias de base<\/em><\/h3>\n<p>As Lobas, equipe feminina do Esporte Clube Pelotas, recebem neste s\u00e1bado (30) a visita da comiss\u00e3o t\u00e9cnica do Gr\u00eamio Foot-Ball Porto Alegrense. O encontro marca o primeiro evento oficial da parceria firmada entre os dois clubes, que coloca o Pelotas como a \u00fanica equipe feminina do Rio Grande do Sul parceira do Tricolor Ga\u00facho.<\/p>\n<p>Os profissionais que estar\u00e3o em Pelotas para observar exclusivamente as atletas das Lobas s\u00e3o: Rubens Franco (treinador das equipes sub-20 e sub-17), Marcelo Sacknies (t\u00e9cnico da categoria sub-15) e Daniel Roxo (treinador de goleiras). A presen\u00e7a da comiss\u00e3o refor\u00e7a o compromisso de ambos os clubes com a valoriza\u00e7\u00e3o da base e a cria\u00e7\u00e3o de novas oportunidades para as jogadoras.<\/p>\n<p>Um dos exemplos que simbolizam essa parceria \u00e9 a trajet\u00f3ria de Valentina Amaral, de apenas 12 anos, atleta que defende tanto as Lobas quanto o Gr\u00eamio. Conciliando os dois clubes, Valentina vem se destacando nas competi\u00e7\u00f5es que disputa.<\/p>\n<p>A expectativa \u00e9 que a visita da comiss\u00e3o t\u00e9cnica sirva como vitrine para as atletas e fortale\u00e7a ainda mais o elo entre Pelotas e o Gr\u00eamio, ampliando as oportunidades para novas jogadoras.<\/p>\n<p>Foto: Beatriz Alt<\/p>\n","protected":false},"excerpt":{"rendered":"<p>Presen\u00e7a da comiss\u00e3o t\u00e9cnica do tricolor refor\u00e7a o compromisso de ambos os clubes com a valoriza\u00e7\u00e3o das categorias de base As Lobas, equipe feminina do Esporte Clube Pelotas, recebem neste<\/p>\n","protected":false},"author":3,"featured_media":146897,"comment_status":"closed","ping_status":"closed","sticky":false,"template":"","format":"standard","meta":[],"categories":[305,29],"tags":[],"_links":{"self":[{"href":"https:\/\/diariodamanhapelotas.com.br\/site\/wp-json\/wp\/v2\/posts\/146896"}],"collection":[{"href":"https:\/\/diariodamanhapelotas.com.br\/site\/wp-json\/wp\/v2\/posts"}],"about":[{"href":"https:\/\/diariodamanhapelotas.com.br\/site\/wp-json\/wp\/v2\/types\/post"}],"author":[{"embeddable":true,"href":"https:\/\/diariodamanhapelotas.com.br\/site\/wp-json\/wp\/v2\/users\/3"}],"replies":[{"embeddable":true,"href":"https:\/\/diariodamanhapelotas.com.br\/site\/wp-json\/wp\/v2\/comments?post=146896"}],"version-history":[{"count":1,"href":"https:\/\/diariodamanhapelotas.com.br\/site\/wp-json\/wp\/v2\/posts\/146896\/revisions"}],"predecessor-version":[{"id":146898,"href":"https:\/\/diariodamanhapelotas.com.br\/site\/wp-json\/wp\/v2\/posts\/146896\/revisions\/146898"}],"wp:featuredmedia":[{"embeddable":true,"href":"https:\/\/diariodamanhapelotas.com.br\/site\/wp-json\/wp\/v2\/media\/146897"}],"wp:attachment":[{"href":"https:\/\/diariodamanhapelotas.com.br\/site\/wp-json\/wp\/v2\/media?parent=146896"}],"wp:term":[{"taxonomy":"category","embeddable":true,"href":"https:\/\/diariodamanhapelotas.com.br\/site\/wp-json\/wp\/v2\/categories?post=146896"},{"taxonomy":"post_tag","embeddable":true,"href":"https:\/\/diariodamanhapelotas.com.br\/site\/wp-json\/wp\/v2\/tags?post=146896"}],"curies":[{"name":"wp","href":"https:\/\/api.w.org\/{rel}","templated":true}]}}