{"id":146899,"date":"2025-08-26T09:43:29","date_gmt":"2025-08-26T12:43:29","guid":{"rendered":"https:\/\/diariodamanhapelotas.com.br\/site\/?p=146899"},"modified":"2025-08-26T09:43:29","modified_gmt":"2025-08-26T12:43:29","slug":"ecoponto-gotuzzo-esta-fechado-para-melhorias","status":"publish","type":"post","link":"https:\/\/diariodamanhapelotas.com.br\/site\/ecoponto-gotuzzo-esta-fechado-para-melhorias\/","title":{"rendered":"Ecoponto Gotuzzo est\u00e1 fechado para melhorias"},"content":{"rendered":"<h3 style=\"text-align: center;\"><em>Sanep far\u00e1 qualifica\u00e7\u00e3o na estrutura da unidade<\/em><\/h3>\n<p>Excepcionalmente nesta semana, o Ecoponto Gotuzzo ficar\u00e1 fechado ao p\u00fablico. A partir desta segunda-feira (25), ser\u00e3o executadas obras para qualificar o acesso da popula\u00e7\u00e3o ao local e, por isso, ser\u00e1 necess\u00e1rio interromper, temporariamente, a opera\u00e7\u00e3o na unidade. A obra consiste na recupera\u00e7\u00e3o do piso e tem previs\u00e3o de finaliza\u00e7\u00e3o at\u00e9 o pr\u00f3ximo s\u00e1bado (30).A expectativa da autarquia \u00e9 reabrir o Ecoponto situado na rua Machado de Assis, ao lado do reservat\u00f3rio R7, at\u00e9 a pr\u00f3xima segunda-feira. As outras quatro unidades permanecem com seu funcionamento em hor\u00e1rio normal: de segunda a s\u00e1bado, das 8 \u00e0s 12h e das 13 \u00e0s 17h.<\/p>\n<h4 style=\"text-align: center;\"><strong>Onde ficam os demais Ecopontos<\/strong><\/h4>\n<p>Ecoponto Balsa &#8211; Rua Paulo Guilayn, 201<br \/>\nEcoponto Centro JK \u2013 Avenida Juscelino Kubitschek, 3.195<br \/>\nEcoponto Cerquinha &#8211; Rua Engenheiro Hugo Veiga, 155<br \/>\nEcoponto Laranjal \u2013 Rua Bom Jesus, 95, no Balne\u00e1rio Valverde<\/p>\n","protected":false},"excerpt":{"rendered":"<p>Sanep far\u00e1 qualifica\u00e7\u00e3o na estrutura da unidade Excepcionalmente nesta semana, o Ecoponto Gotuzzo ficar\u00e1 fechado ao p\u00fablico. A partir desta segunda-feira (25), ser\u00e3o executadas obras para qualificar o acesso da<\/p>\n","protected":false},"author":3,"featured_media":146900,"comment_status":"closed","ping_status":"closed","sticky":false,"template":"","format":"standard","meta":[],"categories":[305,149],"tags":[],"_links":{"self":[{"href":"https:\/\/diariodamanhapelotas.com.br\/site\/wp-json\/wp\/v2\/posts\/146899"}],"collection":[{"href":"https:\/\/diariodamanhapelotas.com.br\/site\/wp-json\/wp\/v2\/posts"}],"about":[{"href":"https:\/\/diariodamanhapelotas.com.br\/site\/wp-json\/wp\/v2\/types\/post"}],"author":[{"embeddable":true,"href":"https:\/\/diariodamanhapelotas.com.br\/site\/wp-json\/wp\/v2\/users\/3"}],"replies":[{"embeddable":true,"href":"https:\/\/diariodamanhapelotas.com.br\/site\/wp-json\/wp\/v2\/comments?post=146899"}],"version-history":[{"count":1,"href":"https:\/\/diariodamanhapelotas.com.br\/site\/wp-json\/wp\/v2\/posts\/146899\/revisions"}],"predecessor-version":[{"id":146901,"href":"https:\/\/diariodamanhapelotas.com.br\/site\/wp-json\/wp\/v2\/posts\/146899\/revisions\/146901"}],"wp:featuredmedia":[{"embeddable":true,"href":"https:\/\/diariodamanhapelotas.com.br\/site\/wp-json\/wp\/v2\/media\/146900"}],"wp:attachment":[{"href":"https:\/\/diariodamanhapelotas.com.br\/site\/wp-json\/wp\/v2\/media?parent=146899"}],"wp:term":[{"taxonomy":"category","embeddable":true,"href":"https:\/\/diariodamanhapelotas.com.br\/site\/wp-json\/wp\/v2\/categories?post=146899"},{"taxonomy":"post_tag","embeddable":true,"href":"https:\/\/diariodamanhapelotas.com.br\/site\/wp-json\/wp\/v2\/tags?post=146899"}],"curies":[{"name":"wp","href":"https:\/\/api.w.org\/{rel}","templated":true}]}}