{"id":146925,"date":"2025-08-27T02:42:17","date_gmt":"2025-08-27T05:42:17","guid":{"rendered":"https:\/\/diariodamanhapelotas.com.br\/site\/?p=146925"},"modified":"2025-08-27T02:44:42","modified_gmt":"2025-08-27T05:44:42","slug":"concurso-de-fotografia-busca-percepcao-da-ufpel-entre-estudantes","status":"publish","type":"post","link":"https:\/\/diariodamanhapelotas.com.br\/site\/concurso-de-fotografia-busca-percepcao-da-ufpel-entre-estudantes\/","title":{"rendered":"Concurso de fotografia busca percep\u00e7\u00e3o da UFPel entre estudantes"},"content":{"rendered":"<h3 style=\"text-align: center;\"><em>As inscri\u00e7\u00f5es s\u00e3o gratuitas e devem ser realizadas at\u00e9 5 de setembro<\/em><\/h3>\n<p>A Universidade Federal de Pelotas (UFPel), em parceria com a Funda\u00e7\u00e3o Delfim Mendes Silveira (FDMS), lan\u00e7a o 1\u00ba Concurso de Fotografia Vis\u00e3o Expandida, com o tema \u201cUFPel, sua linda!\u201d. O objetivo \u00e9 fomentar a produ\u00e7\u00e3o fotogr\u00e1fica entre os estudantes e registrar diferentes percep\u00e7\u00f5es sobre o cotidiano universit\u00e1rio.<\/p>\n<p>O concurso \u00e9 voltado exclusivamente para alunos com matr\u00edcula ativa, que poder\u00e3o participar de forma individual ou coletiva, inscrevendo at\u00e9 tr\u00eas imagens produzidas a partir de 1\u00ba de janeiro de 2024.<\/p>\n<p><img loading=\"lazy\" class=\"alignright wp-image-146926\" src=\"https:\/\/diariodamanhapelotas.com.br\/site\/wp-content\/uploads\/2025\/08\/prancheta-1-copia-6-300x300.png\" alt=\"\" width=\"400\" height=\"400\" srcset=\"https:\/\/diariodamanhapelotas.com.br\/site\/wp-content\/uploads\/2025\/08\/prancheta-1-copia-6-300x300.png 300w, https:\/\/diariodamanhapelotas.com.br\/site\/wp-content\/uploads\/2025\/08\/prancheta-1-copia-6-1024x1024.png 1024w, https:\/\/diariodamanhapelotas.com.br\/site\/wp-content\/uploads\/2025\/08\/prancheta-1-copia-6-150x150.png 150w, https:\/\/diariodamanhapelotas.com.br\/site\/wp-content\/uploads\/2025\/08\/prancheta-1-copia-6-768x768.png 768w, https:\/\/diariodamanhapelotas.com.br\/site\/wp-content\/uploads\/2025\/08\/prancheta-1-copia-6.png 1081w\" sizes=\"(max-width: 400px) 100vw, 400px\" \/><\/p>\n<p>As inscri\u00e7\u00f5es s\u00e3o gratuitas e devem ser realizadas at\u00e9 5 de setembro, exclusivamente pela plataforma <a href=\"https:\/\/mapacultural.ufpel.edu.br\/\" target=\"_blank\" rel=\"noopener noreferrer\">Mapa Cultural<\/a>. \u00c9 necess\u00e1rio anexar comprovante de matr\u00edcula atualizado, de uma a tr\u00eas fotografias acompanhadas de t\u00edtulo, t\u00e9cnica e ano de produ\u00e7\u00e3o, al\u00e9m de memorial descritivo de 15 a 300 palavras.<\/p>\n<p>Ser\u00e3o selecionadas 20 fotografias para a exposi\u00e7\u00e3o coletiva, das quais seis receber\u00e3o pr\u00eamio de R$ 500,00 cada, cinco escolhidas pela Comiss\u00e3o de Sele\u00e7\u00e3o e Curadoria, composta por especialistas em Fotografia, Arte e Design, e uma pelo j\u00fari popular. Cada participante poder\u00e1 ter at\u00e9 tr\u00eas imagens escolhidas para a exposi\u00e7\u00e3o, mas apenas uma premiada pela comiss\u00e3o, sendo, por\u00e9m, permitido acumular o pr\u00eamio do j\u00fari popular.<\/p>\n<p>O resultado da sele\u00e7\u00e3o ser\u00e1 divulgado no dia 27 de setembro. A exposi\u00e7\u00e3o das obras ocorre de 20 de outubro a 22 de novembro.<\/p>\n<p>A homologa\u00e7\u00e3o das inscri\u00e7\u00f5es ser\u00e1 divulgada entre 10 e 13 de setembro no site da <a href=\"https:\/\/fundacoesufpel.com.br\/fdms\" target=\"_blank\" rel=\"noopener noreferrer\">FDMS<\/a>. D\u00favidas podem ser encaminhadas para o e-mail <a href=\"mailto:concursoufpel.visaoexpandida@gmail.com\" target=\"_blank\" rel=\"noopener noreferrer\">concursoufpel.visaoexpandida@gmail.com<\/a> ou pelo telefone (53) 3026-6920.<\/p>\n<div class=\"sharedaddy sd-sharing-enabled\"><\/div>\n","protected":false},"excerpt":{"rendered":"<p>As inscri\u00e7\u00f5es s\u00e3o gratuitas e devem ser realizadas at\u00e9 5 de setembro A Universidade Federal de Pelotas (UFPel), em parceria com a Funda\u00e7\u00e3o Delfim Mendes Silveira (FDMS), lan\u00e7a o 1\u00ba<\/p>\n","protected":false},"author":34,"featured_media":146926,"comment_status":"closed","ping_status":"closed","sticky":false,"template":"","format":"standard","meta":[],"categories":[305,30],"tags":[],"_links":{"self":[{"href":"https:\/\/diariodamanhapelotas.com.br\/site\/wp-json\/wp\/v2\/posts\/146925"}],"collection":[{"href":"https:\/\/diariodamanhapelotas.com.br\/site\/wp-json\/wp\/v2\/posts"}],"about":[{"href":"https:\/\/diariodamanhapelotas.com.br\/site\/wp-json\/wp\/v2\/types\/post"}],"author":[{"embeddable":true,"href":"https:\/\/diariodamanhapelotas.com.br\/site\/wp-json\/wp\/v2\/users\/34"}],"replies":[{"embeddable":true,"href":"https:\/\/diariodamanhapelotas.com.br\/site\/wp-json\/wp\/v2\/comments?post=146925"}],"version-history":[{"count":5,"href":"https:\/\/diariodamanhapelotas.com.br\/site\/wp-json\/wp\/v2\/posts\/146925\/revisions"}],"predecessor-version":[{"id":146931,"href":"https:\/\/diariodamanhapelotas.com.br\/site\/wp-json\/wp\/v2\/posts\/146925\/revisions\/146931"}],"wp:featuredmedia":[{"embeddable":true,"href":"https:\/\/diariodamanhapelotas.com.br\/site\/wp-json\/wp\/v2\/media\/146926"}],"wp:attachment":[{"href":"https:\/\/diariodamanhapelotas.com.br\/site\/wp-json\/wp\/v2\/media?parent=146925"}],"wp:term":[{"taxonomy":"category","embeddable":true,"href":"https:\/\/diariodamanhapelotas.com.br\/site\/wp-json\/wp\/v2\/categories?post=146925"},{"taxonomy":"post_tag","embeddable":true,"href":"https:\/\/diariodamanhapelotas.com.br\/site\/wp-json\/wp\/v2\/tags?post=146925"}],"curies":[{"name":"wp","href":"https:\/\/api.w.org\/{rel}","templated":true}]}}