{"id":146934,"date":"2025-08-27T09:27:25","date_gmt":"2025-08-27T12:27:25","guid":{"rendered":"https:\/\/diariodamanhapelotas.com.br\/site\/?p=146934"},"modified":"2025-08-27T09:27:25","modified_gmt":"2025-08-27T12:27:25","slug":"rs-tem-o-maior-numero-de-escolas-estaduais-entre-as-50-melhores-instituicoes-de-acesso-universal-do-pais","status":"publish","type":"post","link":"https:\/\/diariodamanhapelotas.com.br\/site\/rs-tem-o-maior-numero-de-escolas-estaduais-entre-as-50-melhores-instituicoes-de-acesso-universal-do-pais\/","title":{"rendered":"RS tem o maior n\u00famero de escolas estaduais entre as 50 melhores institui\u00e7\u00f5es de acesso universal do pa\u00eds"},"content":{"rendered":"<h3 style=\"text-align: center;\"><em>Ao todo, 12 escolas do Estado figuram na lista nacional de destaques<\/em><\/h3>\n<p style=\"text-align: center;\"><img loading=\"lazy\" class=\"size-full wp-image-146935 aligncenter\" src=\"https:\/\/diariodamanhapelotas.com.br\/site\/wp-content\/uploads\/2025\/08\/eduardo-raquel-teixeira.jpg\" alt=\"\" width=\"800\" height=\"486\" srcset=\"https:\/\/diariodamanhapelotas.com.br\/site\/wp-content\/uploads\/2025\/08\/eduardo-raquel-teixeira.jpg 800w, https:\/\/diariodamanhapelotas.com.br\/site\/wp-content\/uploads\/2025\/08\/eduardo-raquel-teixeira-300x182.jpg 300w, https:\/\/diariodamanhapelotas.com.br\/site\/wp-content\/uploads\/2025\/08\/eduardo-raquel-teixeira-150x91.jpg 150w, https:\/\/diariodamanhapelotas.com.br\/site\/wp-content\/uploads\/2025\/08\/eduardo-raquel-teixeira-768x467.jpg 768w\" sizes=\"(max-width: 800px) 100vw, 800px\" \/><em>Em agosto, Eduardo Leite e secret\u00e1ria da Educa\u00e7\u00e3o, Raquel Teixeira, compareceram a semin\u00e1rio sobre o Saeb em Novo Hamburgo &#8211;\u00a0Foto: Jo\u00e3o Pedro Rodrigues\/Secom<\/em><\/p>\n<p>O Rio Grande do Sul foi o Estado brasileiro com o maior n\u00famero de escolas estaduais entre as 50 melhores notas de institui\u00e7\u00f5es de\u00a0acesso universal\u00a0no Exame Nacional do Ensino M\u00e9dio (Enem) 2024. Ao todo, 12 escolas do Estado figuram na lista nacional de destaques entre aquelas que n\u00e3o realizam processo seletivo para escolha dos estudantes. S\u00e3o elas:<\/p>\n<ul>\n<li>Escola Guilherme Exner, de Presidente Lucena<\/li>\n<li>Escola Dante Grossi, de Garibaldi<\/li>\n<li>Escola\u00a025 de Maio, de Imigrante<\/li>\n<li>Escola Ant\u00f4nio Stella, de Ibiraiaras<\/li>\n<li>Escola 20 de Setembro, de Cai\u00e7ara<\/li>\n<li>Escola Costa e Silva, de \u00c1urea<\/li>\n<li>Escola 10 de Setembro, de Dois Irm\u00e3os<\/li>\n<li>Escola Fernando Ferrari, de Campo Bom<\/li>\n<li>Escola S\u00e3o Pio X, de Farroupilha<\/li>\n<li>Escola Dion\u00edsio Lothario Chassot, de Tapera<\/li>\n<li>Escola Ildefonso Sim\u00f5es Lopes, de Os\u00f3rio<\/li>\n<li>Escola Jo\u00e3o XXIII, de Campina das Miss\u00f5es<\/li>\n<\/ul>\n<p>Entre as institui\u00e7\u00f5es, destaque para a Escola Estadual Guilherme Exner, que atingiu a nota m\u00e9dia de 632,8 pontos \u2013 a mais alta entre as escolas p\u00fablicas de todo o Brasil sem processo seletivo para escolha dos estudantes. Al\u00e9m disso, no \u00e2mbito das escolas estaduais e incluindo as institui\u00e7\u00f5es que realizam esse processo seletivo, o\u00a0Col\u00e9gio Tiradentes de Iju\u00ed ficou em primeiro\u00a0lugar no pa\u00eds.<\/p>\n<h4 style=\"text-align: center;\"><strong>Participa\u00e7\u00e3o recorde no Enem 2024<\/strong><\/h4>\n<p>Segundo dados do Instituto Nacional de Estudos e Pesquisas Educacionais An\u00edsio Teixeira (Inep), 70.429 estudantes ga\u00fachos concluintes do Ensino M\u00e9dio em escolas p\u00fablicas se inscreveram para realizar as provas no ano passado, o que corresponde a cerca de 89% do total de concluintes.<\/p>\n<p>Em 2023, por sua vez, cerca de 26 mil alunos se inscreveram para o Enem. Ou seja, os n\u00fameros quase triplicaram de um ano para o outro.<\/p>\n<ul>\n<li><a href=\"https:\/\/estado.rs.gov.br\/rede-estadual-do-rio-grande-do-sul-fica-em-segundo-lugar-no-ranking-entre-as-melhores-escolas-publicas-do-pais-no-enem-2024\" target=\"_blank\" rel=\"noopener noreferrer\"><strong>Rede Estadual do Rio Grande do Sul fica em segundo lugar no ranking das melhores escolas p\u00fablicas do pa\u00eds no Enem 2024<\/strong><\/a><\/li>\n<\/ul>\n<p>O n\u00famero de estudantes que efetivamente realizou a prova foi quase o triplo de 2021 e 75% a mais que a m\u00e9dia dos dois anos anteriores (2022 e 2023). Mesmo com um n\u00famero muito superior de participantes, a Rede Estadual obteve a segunda maior m\u00e9dia de desempenho dentre as escolas estaduais do pa\u00eds no Enem 2024.<\/p>\n<p>Para incentivar que a inscri\u00e7\u00e3o se convertesse em participa\u00e7\u00e3o, a Seduc promoveu um movimento de mobiliza\u00e7\u00e3o, com a campanha &#8220;Vamo pra Cima&#8221;. As a\u00e7\u00f5es inclu\u00edram:<\/p>\n<ul>\n<li>caravanas que percorreram todas as 30 Coordenadorias Regionais de Educa\u00e7\u00e3o;<\/li>\n<li>materiais did\u00e1ticos;<\/li>\n<li>aul\u00f5es on-line com professores youtubers de renome nacional;<\/li>\n<li>e distribui\u00e7\u00e3o de kits de alimenta\u00e7\u00e3o e aux\u00edlio-transporte nos dias do exame.<\/li>\n<\/ul>\n<h4 style=\"text-align: center;\"><strong>Prioridade<\/strong><\/h4>\n<p>Desde 2019, o governo do Estado investiu mais de R$ 580 milh\u00f5es em obras nas escolas estaduais. Pelo Programa Agiliza, que faz repasses diretamente \u00e0 gest\u00e3o escolar, j\u00e1 foram destinados mais de R$ 500 milh\u00f5es que melhoraram a estrutura das escolas.\u00a0Na educa\u00e7\u00e3o, \u00e1rea tratada como prioridade pelo governador Eduardo Leite, o prop\u00f3sito do governo \u00e9 com o futuro do estudante, do professor e da sociedade.<\/p>\n<p>O governo tamb\u00e9m criou o Todo Jovem na Escola, programa que oferece aux\u00edlios financeiros para estudantes em vulnerabilidade social;\u00a0voltou a fazer concursos para professores;\u00a0e garantiu o pagamento do Piso Nacional do Magist\u00e9rio.<\/p>\n","protected":false},"excerpt":{"rendered":"<p>Ao todo, 12 escolas do Estado figuram na lista nacional de destaques Em agosto, Eduardo Leite e secret\u00e1ria da Educa\u00e7\u00e3o, Raquel Teixeira, compareceram a semin\u00e1rio sobre o Saeb em Novo<\/p>\n","protected":false},"author":3,"featured_media":140342,"comment_status":"closed","ping_status":"closed","sticky":false,"template":"","format":"standard","meta":[],"categories":[305,30],"tags":[],"_links":{"self":[{"href":"https:\/\/diariodamanhapelotas.com.br\/site\/wp-json\/wp\/v2\/posts\/146934"}],"collection":[{"href":"https:\/\/diariodamanhapelotas.com.br\/site\/wp-json\/wp\/v2\/posts"}],"about":[{"href":"https:\/\/diariodamanhapelotas.com.br\/site\/wp-json\/wp\/v2\/types\/post"}],"author":[{"embeddable":true,"href":"https:\/\/diariodamanhapelotas.com.br\/site\/wp-json\/wp\/v2\/users\/3"}],"replies":[{"embeddable":true,"href":"https:\/\/diariodamanhapelotas.com.br\/site\/wp-json\/wp\/v2\/comments?post=146934"}],"version-history":[{"count":1,"href":"https:\/\/diariodamanhapelotas.com.br\/site\/wp-json\/wp\/v2\/posts\/146934\/revisions"}],"predecessor-version":[{"id":146936,"href":"https:\/\/diariodamanhapelotas.com.br\/site\/wp-json\/wp\/v2\/posts\/146934\/revisions\/146936"}],"wp:featuredmedia":[{"embeddable":true,"href":"https:\/\/diariodamanhapelotas.com.br\/site\/wp-json\/wp\/v2\/media\/140342"}],"wp:attachment":[{"href":"https:\/\/diariodamanhapelotas.com.br\/site\/wp-json\/wp\/v2\/media?parent=146934"}],"wp:term":[{"taxonomy":"category","embeddable":true,"href":"https:\/\/diariodamanhapelotas.com.br\/site\/wp-json\/wp\/v2\/categories?post=146934"},{"taxonomy":"post_tag","embeddable":true,"href":"https:\/\/diariodamanhapelotas.com.br\/site\/wp-json\/wp\/v2\/tags?post=146934"}],"curies":[{"name":"wp","href":"https:\/\/api.w.org\/{rel}","templated":true}]}}