{"id":146937,"date":"2025-08-27T10:22:26","date_gmt":"2025-08-27T13:22:26","guid":{"rendered":"https:\/\/diariodamanhapelotas.com.br\/site\/?p=146937"},"modified":"2025-08-27T10:22:26","modified_gmt":"2025-08-27T13:22:26","slug":"edital-szortyka-leilao-praca-e-intimacao-1a-vara-do-trabalho-de-rio-grande","status":"publish","type":"post","link":"https:\/\/diariodamanhapelotas.com.br\/site\/edital-szortyka-leilao-praca-e-intimacao-1a-vara-do-trabalho-de-rio-grande\/","title":{"rendered":"Edital Szortyka Leil\u00e3o Pra\u00e7a e Intima\u00e7\u00e3o 1\u00aa Vara do Trabalho de Rio Grande"},"content":{"rendered":"<p><strong>Edital publicado em 27 de agosto de 2025.<\/strong><\/p>\n<p><a href=\"http:\/\/www.szortykaleiloes.com.br\" target=\"_blank\" rel=\"noopener noreferrer\"><img loading=\"lazy\" class=\"aligncenter wp-image-146938\" src=\"https:\/\/diariodamanhapelotas.com.br\/site\/wp-content\/uploads\/2025\/08\/edital-szortyka-leilao-praca-e-intimacao-1-vara-do-trabalho-de-rio-grande-assinado.jpg\" rel=\"lightbox\" title=\"Edital Szortyka Leil\u00e3o Pra\u00e7a e Intima\u00e7\u00e3o 1\u00aa Vara do Trabalho de Rio Grande\" alt=\"\" width=\"600\" height=\"526\" srcset=\"https:\/\/diariodamanhapelotas.com.br\/site\/wp-content\/uploads\/2025\/08\/edital-szortyka-leilao-praca-e-intimacao-1-vara-do-trabalho-de-rio-grande-assinado.jpg 685w, https:\/\/diariodamanhapelotas.com.br\/site\/wp-content\/uploads\/2025\/08\/edital-szortyka-leilao-praca-e-intimacao-1-vara-do-trabalho-de-rio-grande-assinado-300x263.jpg 300w, https:\/\/diariodamanhapelotas.com.br\/site\/wp-content\/uploads\/2025\/08\/edital-szortyka-leilao-praca-e-intimacao-1-vara-do-trabalho-de-rio-grande-assinado-150x131.jpg 150w\" sizes=\"(max-width: 600px) 100vw, 600px\" \/><\/a><\/p>\n","protected":false},"excerpt":{"rendered":"<p>Edital publicado em 27 de agosto de 2025.<\/p>\n","protected":false},"author":3,"featured_media":116067,"comment_status":"closed","ping_status":"closed","sticky":false,"template":"","format":"standard","meta":[],"categories":[887],"tags":[],"_links":{"self":[{"href":"https:\/\/diariodamanhapelotas.com.br\/site\/wp-json\/wp\/v2\/posts\/146937"}],"collection":[{"href":"https:\/\/diariodamanhapelotas.com.br\/site\/wp-json\/wp\/v2\/posts"}],"about":[{"href":"https:\/\/diariodamanhapelotas.com.br\/site\/wp-json\/wp\/v2\/types\/post"}],"author":[{"embeddable":true,"href":"https:\/\/diariodamanhapelotas.com.br\/site\/wp-json\/wp\/v2\/users\/3"}],"replies":[{"embeddable":true,"href":"https:\/\/diariodamanhapelotas.com.br\/site\/wp-json\/wp\/v2\/comments?post=146937"}],"version-history":[{"count":1,"href":"https:\/\/diariodamanhapelotas.com.br\/site\/wp-json\/wp\/v2\/posts\/146937\/revisions"}],"predecessor-version":[{"id":146939,"href":"https:\/\/diariodamanhapelotas.com.br\/site\/wp-json\/wp\/v2\/posts\/146937\/revisions\/146939"}],"wp:featuredmedia":[{"embeddable":true,"href":"https:\/\/diariodamanhapelotas.com.br\/site\/wp-json\/wp\/v2\/media\/116067"}],"wp:attachment":[{"href":"https:\/\/diariodamanhapelotas.com.br\/site\/wp-json\/wp\/v2\/media?parent=146937"}],"wp:term":[{"taxonomy":"category","embeddable":true,"href":"https:\/\/diariodamanhapelotas.com.br\/site\/wp-json\/wp\/v2\/categories?post=146937"},{"taxonomy":"post_tag","embeddable":true,"href":"https:\/\/diariodamanhapelotas.com.br\/site\/wp-json\/wp\/v2\/tags?post=146937"}],"curies":[{"name":"wp","href":"https:\/\/api.w.org\/{rel}","templated":true}]}}