{"id":146940,"date":"2025-08-27T10:46:30","date_gmt":"2025-08-27T13:46:30","guid":{"rendered":"https:\/\/diariodamanhapelotas.com.br\/site\/?p=146940"},"modified":"2025-08-27T10:46:30","modified_gmt":"2025-08-27T13:46:30","slug":"reuniao-discute-detalhes-do-desfile-de-7-de-setembro","status":"publish","type":"post","link":"https:\/\/diariodamanhapelotas.com.br\/site\/reuniao-discute-detalhes-do-desfile-de-7-de-setembro\/","title":{"rendered":"Reuni\u00e3o discute detalhes do Desfile de 7 de Setembro"},"content":{"rendered":"<h3 style=\"text-align: center;\"><em>Evento vai unificar as celebra\u00e7\u00f5es do Dia da Independ\u00eancia do Brasil e a Parada da Juventude. Desfile de 20 de setembro tamb\u00e9m foi tratado<\/em><\/h3>\n<p>Na manh\u00e3 da ter\u00e7a-feira (26), foi realizada uma reuni\u00e3o na Prefeitura de Pelotas para tratar dos preparativos do desfile c\u00edvico-militar do dia 7 de setembro, feriado nacional que celebra o Dia da Independ\u00eancia do Brasil, e que neste ano vai incluir a Parada da Juventude, e o desfile do 20 de setembro, em comemora\u00e7\u00e3o \u00e0 Revolu\u00e7\u00e3o Farroupilha. Os desfiles s\u00e3o realizados em parceria pela Prefeitura, N\u00facleo Municipal de Pelotas da Liga da Defesa Nacional (LDN) e 26\u00aa Regi\u00e3o Tradicionalista (RT).<\/p>\n<p>A secret\u00e1ria de Governo, Miriam Marroni, e o vereador Paulo Coitinho conduziram a reuni\u00e3o que tratou da divis\u00e3o de tarefas, especificando a fun\u00e7\u00e3o de cada um, e que contou com representantes de diversas secretarias e autoridades do Ex\u00e9rcito e da Brigada Militar. Ficou acertado que a estrutura contar\u00e1 com sistema de som e dois palanques.<\/p>\n<p>Os desfiles c\u00edvicos-militares do dia 7 de setembro v\u00e3o acontecer pela manh\u00e3, a partir das 9h30min, na avenida Bento Gon\u00e7alves, passando pelo Altar da P\u00e1tria, localizado no Parque Dom Ant\u00f4nio Zattera. A concentra\u00e7\u00e3o ser\u00e1 na rua Gon\u00e7alves Chaves. Os desfiles militares ocorrem ap\u00f3s as escolas.<\/p>\n<p>A Prefeitura de Pelotas informou que pretende convidar todas as institui\u00e7\u00f5es de ensino p\u00fablicas e privadas de Pelotas a se integrarem \u00e0s comemora\u00e7\u00f5es. &#8220;Temos o compromisso de n\u00e3o atrasar em respeito ao p\u00fablico e \u00e0s pessoas que ir\u00e3o fazer parte do desfile&#8221;, disse Adriane Gerber Martins, da Secretaria de Educa\u00e7\u00e3o (SME), que coordena os desfiles civis. Ela destaca que escolas e entidades educacionais e associa\u00e7\u00f5es representativas interessadas em participar ainda podem se inscrever, pelo whatsapp (53) 9930-1353.<\/p>\n<h4 style=\"text-align: center;\">20 de setembro<\/h4>\n<p>A cargo da Secretaria de Turismo (Setur) e 26\u00aa RT, ficou acertado que, para as comemora\u00e7\u00f5es de 20 de setembro, que este ano v\u00e3o se estender ao longo de tr\u00eas dias (19 a 21 de setembro na Associa\u00e7\u00e3o Rural, sendo o desfile no dia 20, na avenida Bento Gon\u00e7alves), todos os animais dever\u00e3o ter uma autoriza\u00e7\u00e3o. \u00c0s 9h15min ocorre a revista, na sequ\u00eancia o desfile civil e na sequ\u00eancia o militar. Os cavalos dever\u00e3o ter o guia de tr\u00e2nsito animal (GTA) para passarem pela inspetoria, realizada na concentra\u00e7\u00e3o do desfile.<\/p>\n<p>Foto: Volmer Perez<\/p>\n","protected":false},"excerpt":{"rendered":"<p>Evento vai unificar as celebra\u00e7\u00f5es do Dia da Independ\u00eancia do Brasil e a Parada da Juventude. Desfile de 20 de setembro tamb\u00e9m foi tratado Na manh\u00e3 da ter\u00e7a-feira (26), foi<\/p>\n","protected":false},"author":3,"featured_media":146941,"comment_status":"closed","ping_status":"closed","sticky":false,"template":"","format":"standard","meta":[],"categories":[305,149],"tags":[],"_links":{"self":[{"href":"https:\/\/diariodamanhapelotas.com.br\/site\/wp-json\/wp\/v2\/posts\/146940"}],"collection":[{"href":"https:\/\/diariodamanhapelotas.com.br\/site\/wp-json\/wp\/v2\/posts"}],"about":[{"href":"https:\/\/diariodamanhapelotas.com.br\/site\/wp-json\/wp\/v2\/types\/post"}],"author":[{"embeddable":true,"href":"https:\/\/diariodamanhapelotas.com.br\/site\/wp-json\/wp\/v2\/users\/3"}],"replies":[{"embeddable":true,"href":"https:\/\/diariodamanhapelotas.com.br\/site\/wp-json\/wp\/v2\/comments?post=146940"}],"version-history":[{"count":1,"href":"https:\/\/diariodamanhapelotas.com.br\/site\/wp-json\/wp\/v2\/posts\/146940\/revisions"}],"predecessor-version":[{"id":146942,"href":"https:\/\/diariodamanhapelotas.com.br\/site\/wp-json\/wp\/v2\/posts\/146940\/revisions\/146942"}],"wp:featuredmedia":[{"embeddable":true,"href":"https:\/\/diariodamanhapelotas.com.br\/site\/wp-json\/wp\/v2\/media\/146941"}],"wp:attachment":[{"href":"https:\/\/diariodamanhapelotas.com.br\/site\/wp-json\/wp\/v2\/media?parent=146940"}],"wp:term":[{"taxonomy":"category","embeddable":true,"href":"https:\/\/diariodamanhapelotas.com.br\/site\/wp-json\/wp\/v2\/categories?post=146940"},{"taxonomy":"post_tag","embeddable":true,"href":"https:\/\/diariodamanhapelotas.com.br\/site\/wp-json\/wp\/v2\/tags?post=146940"}],"curies":[{"name":"wp","href":"https:\/\/api.w.org\/{rel}","templated":true}]}}