{"id":146943,"date":"2025-08-27T10:48:36","date_gmt":"2025-08-27T13:48:36","guid":{"rendered":"https:\/\/diariodamanhapelotas.com.br\/site\/?p=146943"},"modified":"2025-08-27T10:48:36","modified_gmt":"2025-08-27T13:48:36","slug":"programacao-musical-do-hemopel-incentiva-doacao-de-sangue","status":"publish","type":"post","link":"https:\/\/diariodamanhapelotas.com.br\/site\/programacao-musical-do-hemopel-incentiva-doacao-de-sangue\/","title":{"rendered":"Programa\u00e7\u00e3o musical do Hemopel incentiva doa\u00e7\u00e3o de sangue"},"content":{"rendered":"<h3 style=\"text-align: center;\"><em>Apresenta\u00e7\u00f5es acontecem nesta quinta-feira (28) \u00e0s 11h30<\/em><\/h3>\n<p>O Hemopel recebe nesta quinta-feira (28), uma programa\u00e7\u00e3o especial que une m\u00fasica e solidariedade para incentivar a doa\u00e7\u00e3o de sangue em Pelotas. As apresenta\u00e7\u00f5es come\u00e7am \u00e0s 11h30, com Tony Ribeiro, e seguem no per\u00edodo da tarde, a partir das 14h30, com os shows de Matheus Almeida, Henry Oppelt e L\u00ea Moraes. A ideia \u00e9 tornar o ambiente mais acolhedor e atrativo para quem comparecer ao hemocentro, refor\u00e7ando a import\u00e2ncia desse gesto que salva vidas.<\/p>\n<p>A iniciativa acontece em um momento de aten\u00e7\u00e3o para os estoques de sangue, que seguem em baixa. O tipo O negativo est\u00e1 em situa\u00e7\u00e3o cr\u00edtica, enquanto o O positivo apresenta n\u00edvel reduzido. A reposi\u00e7\u00e3o desses estoques \u00e9 fundamental para atender pacientes em hospitais da regi\u00e3o, especialmente em situa\u00e7\u00f5es de urg\u00eancia e cirurgias, quando a agilidade e a disponibilidade de bolsas de sangue podem ser decisivas.<\/p>\n<p>Para doar, \u00e9 necess\u00e1rio ter entre 16 e 69 anos, estar em boas condi\u00e7\u00f5es de sa\u00fade, pesar pelo menos 50 kg e apresentar documento com foto. O procedimento leva cerca de 40 minutos e cada doa\u00e7\u00e3o pode beneficiar at\u00e9 quatro pessoas. Homens podem doar a cada 60 dias e mulheres a cada 90 dias. \u00c9 importante estar bem alimentado, hidratado e evitar \u00e1lcool nas 12 horas anteriores. A doa\u00e7\u00e3o regular ajuda a manter os estoques equilibrados, especialmente dos tipos O negativo e O positivo.<\/p>\n<p>Foto: Janine Tomberg<\/p>\n","protected":false},"excerpt":{"rendered":"<p>Apresenta\u00e7\u00f5es acontecem nesta quinta-feira (28) \u00e0s 11h30 O Hemopel recebe nesta quinta-feira (28), uma programa\u00e7\u00e3o especial que une m\u00fasica e solidariedade para incentivar a doa\u00e7\u00e3o de sangue em Pelotas. As<\/p>\n","protected":false},"author":3,"featured_media":146944,"comment_status":"closed","ping_status":"closed","sticky":false,"template":"","format":"standard","meta":[],"categories":[305,150],"tags":[],"_links":{"self":[{"href":"https:\/\/diariodamanhapelotas.com.br\/site\/wp-json\/wp\/v2\/posts\/146943"}],"collection":[{"href":"https:\/\/diariodamanhapelotas.com.br\/site\/wp-json\/wp\/v2\/posts"}],"about":[{"href":"https:\/\/diariodamanhapelotas.com.br\/site\/wp-json\/wp\/v2\/types\/post"}],"author":[{"embeddable":true,"href":"https:\/\/diariodamanhapelotas.com.br\/site\/wp-json\/wp\/v2\/users\/3"}],"replies":[{"embeddable":true,"href":"https:\/\/diariodamanhapelotas.com.br\/site\/wp-json\/wp\/v2\/comments?post=146943"}],"version-history":[{"count":1,"href":"https:\/\/diariodamanhapelotas.com.br\/site\/wp-json\/wp\/v2\/posts\/146943\/revisions"}],"predecessor-version":[{"id":146945,"href":"https:\/\/diariodamanhapelotas.com.br\/site\/wp-json\/wp\/v2\/posts\/146943\/revisions\/146945"}],"wp:featuredmedia":[{"embeddable":true,"href":"https:\/\/diariodamanhapelotas.com.br\/site\/wp-json\/wp\/v2\/media\/146944"}],"wp:attachment":[{"href":"https:\/\/diariodamanhapelotas.com.br\/site\/wp-json\/wp\/v2\/media?parent=146943"}],"wp:term":[{"taxonomy":"category","embeddable":true,"href":"https:\/\/diariodamanhapelotas.com.br\/site\/wp-json\/wp\/v2\/categories?post=146943"},{"taxonomy":"post_tag","embeddable":true,"href":"https:\/\/diariodamanhapelotas.com.br\/site\/wp-json\/wp\/v2\/tags?post=146943"}],"curies":[{"name":"wp","href":"https:\/\/api.w.org\/{rel}","templated":true}]}}