{"id":146980,"date":"2025-08-28T08:26:22","date_gmt":"2025-08-28T11:26:22","guid":{"rendered":"https:\/\/diariodamanhapelotas.com.br\/site\/?p=146980"},"modified":"2025-08-28T08:26:22","modified_gmt":"2025-08-28T11:26:22","slug":"direcao-da-emef-luiz-augusto-assumpcao-e-afastada-para-apuracao-de-apontamentos","status":"publish","type":"post","link":"https:\/\/diariodamanhapelotas.com.br\/site\/direcao-da-emef-luiz-augusto-assumpcao-e-afastada-para-apuracao-de-apontamentos\/","title":{"rendered":"Dire\u00e7\u00e3o da Emef Luiz Augusto Assump\u00e7\u00e3o \u00e9 afastada para apura\u00e7\u00e3o de apontamentos"},"content":{"rendered":"<h3 style=\"text-align: center;\"><em>Escola ter\u00e1 dire\u00e7\u00e3o provis\u00f3ria visando a organiza\u00e7\u00e3o da rotina pedag\u00f3gica e administrativa da institui\u00e7\u00e3o<\/em><\/h3>\n<p>A Secretaria Municipal de Educa\u00e7\u00e3o (SME) informa que, diante de relatos e documentos apresentados por membros do Conselho Escolar e da comunidade da Escola Municipal de Ensino Fundamental (Emef) Luiz Augusto Assump\u00e7\u00e3o, a atual equipe diretiva foi afastada de forma preventiva nesta quarta-feira (27). A medida tem car\u00e1ter provis\u00f3rio e busca assegurar a apura\u00e7\u00e3o adequada das informa\u00e7\u00f5es recebidas, al\u00e9m de garantir a continuidade das atividades escolares e a preserva\u00e7\u00e3o dos direitos de estudantes e servidores.<\/p>\n<p>As manifesta\u00e7\u00f5es da comunidade foram registradas em reuni\u00f5es e den\u00fancias, acompanhadas por integrantes do Centro de Interven\u00e7\u00e3o e Media\u00e7\u00e3o Escolar (Cime) e das Coordenadorias de Gest\u00e3o Pedag\u00f3gica (CGP) e de Gest\u00e3o Escolar (CGE). A partir desse material, a SME decidiu pela abertura de sindic\u00e2ncia administrativa, que ir\u00e1 apurar os fatos de forma detalhada e assegurar o direito de defesa a todos os envolvidos.<\/p>\n<p>Enquanto o processo estiver em andamento, a escola contar\u00e1 com uma dire\u00e7\u00e3o provis\u00f3ria, respons\u00e1vel por manter a organiza\u00e7\u00e3o da rotina pedag\u00f3gica e administrativa, de forma a garantir um ambiente escolar adequado e o pleno desenvolvimento da aprendizagem dos estudantes.<\/p>\n","protected":false},"excerpt":{"rendered":"<p>Escola ter\u00e1 dire\u00e7\u00e3o provis\u00f3ria visando a organiza\u00e7\u00e3o da rotina pedag\u00f3gica e administrativa da institui\u00e7\u00e3o A Secretaria Municipal de Educa\u00e7\u00e3o (SME) informa que, diante de relatos e documentos apresentados por membros<\/p>\n","protected":false},"author":3,"featured_media":146982,"comment_status":"closed","ping_status":"closed","sticky":false,"template":"","format":"standard","meta":[],"categories":[305,30],"tags":[],"_links":{"self":[{"href":"https:\/\/diariodamanhapelotas.com.br\/site\/wp-json\/wp\/v2\/posts\/146980"}],"collection":[{"href":"https:\/\/diariodamanhapelotas.com.br\/site\/wp-json\/wp\/v2\/posts"}],"about":[{"href":"https:\/\/diariodamanhapelotas.com.br\/site\/wp-json\/wp\/v2\/types\/post"}],"author":[{"embeddable":true,"href":"https:\/\/diariodamanhapelotas.com.br\/site\/wp-json\/wp\/v2\/users\/3"}],"replies":[{"embeddable":true,"href":"https:\/\/diariodamanhapelotas.com.br\/site\/wp-json\/wp\/v2\/comments?post=146980"}],"version-history":[{"count":1,"href":"https:\/\/diariodamanhapelotas.com.br\/site\/wp-json\/wp\/v2\/posts\/146980\/revisions"}],"predecessor-version":[{"id":146983,"href":"https:\/\/diariodamanhapelotas.com.br\/site\/wp-json\/wp\/v2\/posts\/146980\/revisions\/146983"}],"wp:featuredmedia":[{"embeddable":true,"href":"https:\/\/diariodamanhapelotas.com.br\/site\/wp-json\/wp\/v2\/media\/146982"}],"wp:attachment":[{"href":"https:\/\/diariodamanhapelotas.com.br\/site\/wp-json\/wp\/v2\/media?parent=146980"}],"wp:term":[{"taxonomy":"category","embeddable":true,"href":"https:\/\/diariodamanhapelotas.com.br\/site\/wp-json\/wp\/v2\/categories?post=146980"},{"taxonomy":"post_tag","embeddable":true,"href":"https:\/\/diariodamanhapelotas.com.br\/site\/wp-json\/wp\/v2\/tags?post=146980"}],"curies":[{"name":"wp","href":"https:\/\/api.w.org\/{rel}","templated":true}]}}