{"id":146997,"date":"2025-08-28T16:07:13","date_gmt":"2025-08-28T19:07:13","guid":{"rendered":"https:\/\/diariodamanhapelotas.com.br\/site\/?p=146997"},"modified":"2025-08-28T16:07:13","modified_gmt":"2025-08-28T19:07:13","slug":"conta-de-agua-tera-codigo-de-barras-separado-para-taxa-do-lixo","status":"publish","type":"post","link":"https:\/\/diariodamanhapelotas.com.br\/site\/conta-de-agua-tera-codigo-de-barras-separado-para-taxa-do-lixo\/","title":{"rendered":"Conta de \u00e1gua ter\u00e1 c\u00f3digo de barras separado para taxa do lixo"},"content":{"rendered":"<h3 style=\"text-align: center;\"><em>A partir da compet\u00eancia setembro, os pelotenses realizar\u00e3o o pagamento da fatura de \u00e1gua, esgoto e servi\u00e7o b\u00e1sico em um boleto e o da taxa do lixo em outro<\/em><\/h3>\n<p dir=\"auto\">O Sanep iniciar\u00e1 nos pr\u00f3ximos dias a entrega das contas de \u00e1gua de compet\u00eancia setembro. A fatura chegar\u00e1 \u00e0s resid\u00eancias dos pelotenses com dois c\u00f3digos de barras para pagamento: um referente \u00e0 cobran\u00e7a pela \u00e1gua, esgoto e servi\u00e7o b\u00e1sico e outro \u00e0 parte para a taxa do lixo. A altera\u00e7\u00e3o tem em vista o cumprimento da decis\u00e3o do Tribunal de Justi\u00e7a pela separa\u00e7\u00e3o da taxa de coleta e destina\u00e7\u00e3o final de res\u00edduos s\u00f3lidos dos demais servi\u00e7os realizados pela autarquia.<\/p>\n<p dir=\"auto\">Apesar de serem pagos individualmente, os c\u00f3digos de barras referentes aos dois boletos constar\u00e3o no mesmo papel. Sendo assim, o Sanep alerta os consumidores para atentarem-se \u00e0 necessidade da quita\u00e7\u00e3o de ambas as cobran\u00e7as, de forma separada. Os valores cobrados pela taxa do lixo permanecem os mesmos praticados anteriormente, tabelados e dispon\u00edveis no site da autarquia.<\/p>\n<p dir=\"auto\">Para quem recebe a fatura digitalmente, seguir\u00e1 sendo enviado um \u00fanico e-mail do Sanep. A diferen\u00e7a \u00e9 que nele constar\u00e3o dois links para pagamento, com o direcionamento para as duas cobran\u00e7as separadamente. Clientes cadastrados em d\u00e9bito autom\u00e1tico n\u00e3o precisar\u00e3o realizar novo pedido junto \u00e0 institui\u00e7\u00e3o financeira. Ambos os c\u00f3digos de barras ser\u00e3o mantidos nesse formato, debitados normalmente.<\/p>\n","protected":false},"excerpt":{"rendered":"<p>A partir da compet\u00eancia setembro, os pelotenses realizar\u00e3o o pagamento da fatura de \u00e1gua, esgoto e servi\u00e7o b\u00e1sico em um boleto e o da taxa do lixo em outro O<\/p>\n","protected":false},"author":34,"featured_media":146998,"comment_status":"closed","ping_status":"closed","sticky":false,"template":"","format":"standard","meta":[],"categories":[305,149],"tags":[],"_links":{"self":[{"href":"https:\/\/diariodamanhapelotas.com.br\/site\/wp-json\/wp\/v2\/posts\/146997"}],"collection":[{"href":"https:\/\/diariodamanhapelotas.com.br\/site\/wp-json\/wp\/v2\/posts"}],"about":[{"href":"https:\/\/diariodamanhapelotas.com.br\/site\/wp-json\/wp\/v2\/types\/post"}],"author":[{"embeddable":true,"href":"https:\/\/diariodamanhapelotas.com.br\/site\/wp-json\/wp\/v2\/users\/34"}],"replies":[{"embeddable":true,"href":"https:\/\/diariodamanhapelotas.com.br\/site\/wp-json\/wp\/v2\/comments?post=146997"}],"version-history":[{"count":1,"href":"https:\/\/diariodamanhapelotas.com.br\/site\/wp-json\/wp\/v2\/posts\/146997\/revisions"}],"predecessor-version":[{"id":146999,"href":"https:\/\/diariodamanhapelotas.com.br\/site\/wp-json\/wp\/v2\/posts\/146997\/revisions\/146999"}],"wp:featuredmedia":[{"embeddable":true,"href":"https:\/\/diariodamanhapelotas.com.br\/site\/wp-json\/wp\/v2\/media\/146998"}],"wp:attachment":[{"href":"https:\/\/diariodamanhapelotas.com.br\/site\/wp-json\/wp\/v2\/media?parent=146997"}],"wp:term":[{"taxonomy":"category","embeddable":true,"href":"https:\/\/diariodamanhapelotas.com.br\/site\/wp-json\/wp\/v2\/categories?post=146997"},{"taxonomy":"post_tag","embeddable":true,"href":"https:\/\/diariodamanhapelotas.com.br\/site\/wp-json\/wp\/v2\/tags?post=146997"}],"curies":[{"name":"wp","href":"https:\/\/api.w.org\/{rel}","templated":true}]}}