{"id":147001,"date":"2025-08-28T16:35:38","date_gmt":"2025-08-28T19:35:38","guid":{"rendered":"https:\/\/diariodamanhapelotas.com.br\/site\/?p=147001"},"modified":"2025-08-28T16:35:38","modified_gmt":"2025-08-28T19:35:38","slug":"chamada-para-novos-ambulantes-segue-aberta-semana-que-vem","status":"publish","type":"post","link":"https:\/\/diariodamanhapelotas.com.br\/site\/chamada-para-novos-ambulantes-segue-aberta-semana-que-vem\/","title":{"rendered":"Chamada para novos ambulantes segue aberta semana que vem"},"content":{"rendered":"<h3 style=\"text-align: center;\"><em>Oportunidade \u00e9 voltada a interessados no com\u00e9rcio de g\u00eaneros aliment\u00edcios, bebidas e chaveiros, com equipamentos de tra\u00e7\u00e3o humana, trailer e food truck<\/em><\/h3>\n<p>Est\u00e1 aberta at\u00e9 o dia 5 de setembro a chamada p\u00fablica para novos ambulantes interessados em atuar no munic\u00edpio. A oportunidade \u00e9 voltada para o com\u00e9rcio de g\u00eaneros aliment\u00edcios, bebidas e chaveiros, com equipamentos de tra\u00e7\u00e3o humana, trailer e food truck. Requerimentos devem ser entregues pessoalmente no setor de Protocolo da Secretaria de Urbanismo (Seurb), de segunda a sexta-feira, das 8h \u00e0s 14h. A Seurb fica na rua Lobo da Costa, 520, \u00e1rea central.<\/p>\n<p>A aloca\u00e7\u00e3o dos ambulantes ser\u00e1 feita com base na disponibilidade de espa\u00e7os definidos no Mapa de Ambulantes da cidade, respeitando a organiza\u00e7\u00e3o urbana e as normas vigentes. Para realizar a solicita\u00e7\u00e3o, o interessado dever\u00e1 preencher o formul\u00e1rio dispon\u00edvel no setor de Protocolo da Seurb e apresentar c\u00f3pias simples dos seguintes documentos: RG (documento de identidade) ou documento com foto; comprovante ou declara\u00e7\u00e3o de resid\u00eancia; e foto do projeto ou equipamento de trabalho.<\/p>\n<p>Mais informa\u00e7\u00f5es podem ser obtidas diretamente na Seurb ou pelo whatsapp (53) 99949.0526.<\/p>\n<p>Foto: Janine Tomberg<\/p>\n","protected":false},"excerpt":{"rendered":"<p>Oportunidade \u00e9 voltada a interessados no com\u00e9rcio de g\u00eaneros aliment\u00edcios, bebidas e chaveiros, com equipamentos de tra\u00e7\u00e3o humana, trailer e food truck Est\u00e1 aberta at\u00e9 o dia 5 de setembro<\/p>\n","protected":false},"author":3,"featured_media":147002,"comment_status":"closed","ping_status":"closed","sticky":false,"template":"","format":"standard","meta":[],"categories":[305,149],"tags":[],"_links":{"self":[{"href":"https:\/\/diariodamanhapelotas.com.br\/site\/wp-json\/wp\/v2\/posts\/147001"}],"collection":[{"href":"https:\/\/diariodamanhapelotas.com.br\/site\/wp-json\/wp\/v2\/posts"}],"about":[{"href":"https:\/\/diariodamanhapelotas.com.br\/site\/wp-json\/wp\/v2\/types\/post"}],"author":[{"embeddable":true,"href":"https:\/\/diariodamanhapelotas.com.br\/site\/wp-json\/wp\/v2\/users\/3"}],"replies":[{"embeddable":true,"href":"https:\/\/diariodamanhapelotas.com.br\/site\/wp-json\/wp\/v2\/comments?post=147001"}],"version-history":[{"count":1,"href":"https:\/\/diariodamanhapelotas.com.br\/site\/wp-json\/wp\/v2\/posts\/147001\/revisions"}],"predecessor-version":[{"id":147003,"href":"https:\/\/diariodamanhapelotas.com.br\/site\/wp-json\/wp\/v2\/posts\/147001\/revisions\/147003"}],"wp:featuredmedia":[{"embeddable":true,"href":"https:\/\/diariodamanhapelotas.com.br\/site\/wp-json\/wp\/v2\/media\/147002"}],"wp:attachment":[{"href":"https:\/\/diariodamanhapelotas.com.br\/site\/wp-json\/wp\/v2\/media?parent=147001"}],"wp:term":[{"taxonomy":"category","embeddable":true,"href":"https:\/\/diariodamanhapelotas.com.br\/site\/wp-json\/wp\/v2\/categories?post=147001"},{"taxonomy":"post_tag","embeddable":true,"href":"https:\/\/diariodamanhapelotas.com.br\/site\/wp-json\/wp\/v2\/tags?post=147001"}],"curies":[{"name":"wp","href":"https:\/\/api.w.org\/{rel}","templated":true}]}}