{"id":147010,"date":"2025-08-28T23:51:43","date_gmt":"2025-08-29T02:51:43","guid":{"rendered":"https:\/\/diariodamanhapelotas.com.br\/site\/?p=147010"},"modified":"2025-08-29T13:06:41","modified_gmt":"2025-08-29T16:06:41","slug":"brasil-recebe-proposta-para-transformacao-em-saf","status":"publish","type":"post","link":"https:\/\/diariodamanhapelotas.com.br\/site\/brasil-recebe-proposta-para-transformacao-em-saf\/","title":{"rendered":"Brasil recebe proposta para transforma\u00e7\u00e3o em SAF"},"content":{"rendered":"<h3 style=\"text-align: center;\" data-start=\"239\" data-end=\"622\"><em>A proposta prev\u00ea a aquisi\u00e7\u00e3o de 90% do capital da futura SAF<\/em><\/h3>\n<p data-start=\"239\" data-end=\"622\">O Gr\u00eamio Esportivo Brasil anunciou, nesta quinta-feira (28), que recebeu uma proposta formal para a aquisi\u00e7\u00e3o da futura Sociedade An\u00f4nima do Futebol (SAF) do clube. O documento foi apresentado pelo Cons\u00f3rcio Xavante, formado por Emerson Ferreira da Rosa, ex-jogador pelotense com passagens por Gr\u00eamio, Real Madrid e Sele\u00e7\u00e3o Brasileira, al\u00e9m da VEX Capital e da Greenfield Partners.<\/p>\n<p data-start=\"624\" data-end=\"824\">A proposta prev\u00ea a aquisi\u00e7\u00e3o de 90% do capital da futura SAF, mantendo o clube com 10% das a\u00e7\u00f5es e direito de veto sobre o patrim\u00f4nio imaterial. Entre os compromissos assumidos pelo cons\u00f3rcio est\u00e3o:<\/p>\n<ul data-start=\"826\" data-end=\"1203\">\n<li data-start=\"826\" data-end=\"891\">\n<p data-start=\"828\" data-end=\"891\">garantia de or\u00e7amento m\u00ednimo de R$ 141,1 milh\u00f5es em dez anos;<\/p>\n<\/li>\n<li data-start=\"892\" data-end=\"1021\">\n<p data-start=\"894\" data-end=\"1021\">assun\u00e7\u00e3o do passivo da Associa\u00e7\u00e3o, estimado em R$ 21,1 milh\u00f5es, ap\u00f3s processo de recupera\u00e7\u00e3o judicial e transa\u00e7\u00e3o tribut\u00e1ria;<\/p>\n<\/li>\n<li data-start=\"1022\" data-end=\"1070\">\n<p data-start=\"1024\" data-end=\"1070\">constru\u00e7\u00e3o de um novo Centro de Treinamento;<\/p>\n<\/li>\n<li data-start=\"1071\" data-end=\"1123\">\n<p data-start=\"1073\" data-end=\"1123\">reforma e moderniza\u00e7\u00e3o do Est\u00e1dio Bento Freitas;<\/p>\n<\/li>\n<li data-start=\"1124\" data-end=\"1203\">\n<p data-start=\"1126\" data-end=\"1203\">investimentos estruturais no futebol profissional e nas categorias de base.<\/p>\n<\/li>\n<\/ul>\n<p data-start=\"1205\" data-end=\"1601\">Segundo o clube, a proposta representa um avan\u00e7o no processo de transforma\u00e7\u00e3o em SAF \u2014 prioridade estabelecida pela atual dire\u00e7\u00e3o desde a posse \u2014 mas ainda n\u00e3o significa a efetiva\u00e7\u00e3o da mudan\u00e7a. O documento ser\u00e1 discutido com o cons\u00f3rcio e, em seguida, encaminhado ao Conselho Deliberativo, respons\u00e1vel por decidir sobre sua aprova\u00e7\u00e3o. Caso seja aprovado, seguir\u00e1 para vota\u00e7\u00e3o em Assembleia Geral.<\/p>\n<p data-start=\"1603\" data-end=\"1813\">Em nota, o Brasil reafirmou o compromisso com a transpar\u00eancia, a responsabilidade e a sustentabilidade nas negocia\u00e7\u00f5es, destacando que o objetivo \u00e9 assegurar a reestrutura\u00e7\u00e3o do clube, dentro e fora de campo.<\/p>\n","protected":false},"excerpt":{"rendered":"<p>A proposta prev\u00ea a aquisi\u00e7\u00e3o de 90% do capital da futura SAF O Gr\u00eamio Esportivo Brasil anunciou, nesta quinta-feira (28), que recebeu uma proposta formal para a aquisi\u00e7\u00e3o da futura<\/p>\n","protected":false},"author":34,"featured_media":115406,"comment_status":"closed","ping_status":"closed","sticky":false,"template":"","format":"standard","meta":[],"categories":[868,305,29],"tags":[],"_links":{"self":[{"href":"https:\/\/diariodamanhapelotas.com.br\/site\/wp-json\/wp\/v2\/posts\/147010"}],"collection":[{"href":"https:\/\/diariodamanhapelotas.com.br\/site\/wp-json\/wp\/v2\/posts"}],"about":[{"href":"https:\/\/diariodamanhapelotas.com.br\/site\/wp-json\/wp\/v2\/types\/post"}],"author":[{"embeddable":true,"href":"https:\/\/diariodamanhapelotas.com.br\/site\/wp-json\/wp\/v2\/users\/34"}],"replies":[{"embeddable":true,"href":"https:\/\/diariodamanhapelotas.com.br\/site\/wp-json\/wp\/v2\/comments?post=147010"}],"version-history":[{"count":1,"href":"https:\/\/diariodamanhapelotas.com.br\/site\/wp-json\/wp\/v2\/posts\/147010\/revisions"}],"predecessor-version":[{"id":147011,"href":"https:\/\/diariodamanhapelotas.com.br\/site\/wp-json\/wp\/v2\/posts\/147010\/revisions\/147011"}],"wp:featuredmedia":[{"embeddable":true,"href":"https:\/\/diariodamanhapelotas.com.br\/site\/wp-json\/wp\/v2\/media\/115406"}],"wp:attachment":[{"href":"https:\/\/diariodamanhapelotas.com.br\/site\/wp-json\/wp\/v2\/media?parent=147010"}],"wp:term":[{"taxonomy":"category","embeddable":true,"href":"https:\/\/diariodamanhapelotas.com.br\/site\/wp-json\/wp\/v2\/categories?post=147010"},{"taxonomy":"post_tag","embeddable":true,"href":"https:\/\/diariodamanhapelotas.com.br\/site\/wp-json\/wp\/v2\/tags?post=147010"}],"curies":[{"name":"wp","href":"https:\/\/api.w.org\/{rel}","templated":true}]}}