{"id":147012,"date":"2025-08-29T08:27:52","date_gmt":"2025-08-29T11:27:52","guid":{"rendered":"https:\/\/diariodamanhapelotas.com.br\/site\/?p=147012"},"modified":"2025-08-29T10:45:01","modified_gmt":"2025-08-29T13:45:01","slug":"morre-dom-jayme-chemello-bispo-emerito-de-pelotas","status":"publish","type":"post","link":"https:\/\/diariodamanhapelotas.com.br\/site\/morre-dom-jayme-chemello-bispo-emerito-de-pelotas\/","title":{"rendered":"Morre Dom Jayme Chemello, Bispo Em\u00e9rito de Pelotas"},"content":{"rendered":"<h3 style=\"text-align: center;\"><em>Prefeitura de Pelotas decretou luto oficial por tr\u00eas dias<\/em><\/h3>\n<p style=\"text-align: left;\">Faleceu aos 93 anos nesta sexta-feira, 29 de agosto de 2025, \u00e0s 6h50, Dom Jayme Henrique Chemello, bispo em\u00e9rito da Arquidiocese de Pelotas.<\/p>\n<p>A not\u00edcia foi confirmada em nota oficial divulgada por Dom Jacinto Bergmann, atual arcebispo, que expressou seu pesar e convocou a comunidade para orar pelo descanso eterno do religioso.<\/p>\n<p>Nascido em 28 de julho de 1932, no munic\u00edpio de S\u00e3o Marcos, Dom Jayme concluiu seus estudos em filosofia e teologia em Buenos Aires, sendo ordenado sacerdote em 16 de dezembro de 1958. Em 1969 foi nomeado bispo auxiliar de Pelotas, e em 1977 assumiu como bispo diocesano, posi\u00e7\u00e3o que ocupou at\u00e9 1\u00b0 de julho de 2009, quando sua ren\u00fancia foi aceita pelo Papa Bento XVI, passando \u00e0 condi\u00e7\u00e3o de bispo em\u00e9rito.<\/p>\n<p>Durante seu minist\u00e9rio, destacou-se por sua atua\u00e7\u00e3o na Confer\u00eancia Nacional dos Bispos do Brasil (CNBB), onde foi vice-presidente a partir de 1994, presidente entre 1998 e 2002, e liderou a Comiss\u00e3o Episcopal para a Amaz\u00f4nia entre 2005 e 2011.<\/p>\n<p>A Arquidiocese de Pelotas deve divulgar em breve os servi\u00e7os f\u00fanebres e demais provid\u00eancias lit\u00fargicas.<\/p>\n<h3 style=\"text-align: center;\"><strong>Prefeitura decreta tr\u00eas dias de luto oficial<\/strong><\/h3>\n<p>Em nota, a Prefeitura de Pelotas lamentou profundamente o falecimento do Bispo Em\u00e9rito de Pelotas, Dom Jayme Chemello, ocorrido nesta sexta-feira (29). A Prefeitura de Pelotas decretou luto oficial por tr\u00eas dias.<\/p>\n<p>Para o prefeito Fernando Marroni, Pelotas se despede, com profundo pesar, de Dom Jayme Chemello, que por tr\u00eas d\u00e9cadas guiou a Arquidiocese da cidade com f\u00e9, sabedoria e dedica\u00e7\u00e3o. \u201cSua presen\u00e7a marcou gera\u00e7\u00f5es de pelotenses, n\u00e3o apenas no campo religioso, mas tamb\u00e9m na vida comunit\u00e1ria, pela sua humildade e compromisso com o pr\u00f3ximo. Que sua mem\u00f3ria siga inspirando caminhos de solidariedade e esperan\u00e7a\u201d.<\/p>\n<p>Em abril, o sacerdote, que tamb\u00e9m foi chanceler da Cat\u00f3lica de Pelotas, completou 53 anos de bispado. Chemello foi o bispo mais novo do Brasil em 1966, ao se tornar Bispo Auxiliar na Diocese de Pelotas. Onze anos depois, com a ren\u00fancia de Dom Ant\u00f4nio, tornou- se o terceiro Bispo de Pelotas. Entre 1998 e 2002 Dom Jayme presidiu a Confer\u00eancia dos Bispos do Brasil. Ao atingir a idade limite passou a ser Bispo Resignat\u00e1rio, sendo substitu\u00eddo pelo Arcebispo Dom Jacinto Bergmann.<\/p>\n<p>&nbsp;<\/p>\n","protected":false},"excerpt":{"rendered":"<p>Prefeitura de Pelotas decretou luto oficial por tr\u00eas dias Faleceu aos 93 anos nesta sexta-feira, 29 de agosto de 2025, \u00e0s 6h50, Dom Jayme Henrique Chemello, bispo em\u00e9rito da Arquidiocese<\/p>\n","protected":false},"author":3,"featured_media":143035,"comment_status":"closed","ping_status":"closed","sticky":false,"template":"","format":"standard","meta":[],"categories":[305,149],"tags":[],"_links":{"self":[{"href":"https:\/\/diariodamanhapelotas.com.br\/site\/wp-json\/wp\/v2\/posts\/147012"}],"collection":[{"href":"https:\/\/diariodamanhapelotas.com.br\/site\/wp-json\/wp\/v2\/posts"}],"about":[{"href":"https:\/\/diariodamanhapelotas.com.br\/site\/wp-json\/wp\/v2\/types\/post"}],"author":[{"embeddable":true,"href":"https:\/\/diariodamanhapelotas.com.br\/site\/wp-json\/wp\/v2\/users\/3"}],"replies":[{"embeddable":true,"href":"https:\/\/diariodamanhapelotas.com.br\/site\/wp-json\/wp\/v2\/comments?post=147012"}],"version-history":[{"count":2,"href":"https:\/\/diariodamanhapelotas.com.br\/site\/wp-json\/wp\/v2\/posts\/147012\/revisions"}],"predecessor-version":[{"id":147014,"href":"https:\/\/diariodamanhapelotas.com.br\/site\/wp-json\/wp\/v2\/posts\/147012\/revisions\/147014"}],"wp:featuredmedia":[{"embeddable":true,"href":"https:\/\/diariodamanhapelotas.com.br\/site\/wp-json\/wp\/v2\/media\/143035"}],"wp:attachment":[{"href":"https:\/\/diariodamanhapelotas.com.br\/site\/wp-json\/wp\/v2\/media?parent=147012"}],"wp:term":[{"taxonomy":"category","embeddable":true,"href":"https:\/\/diariodamanhapelotas.com.br\/site\/wp-json\/wp\/v2\/categories?post=147012"},{"taxonomy":"post_tag","embeddable":true,"href":"https:\/\/diariodamanhapelotas.com.br\/site\/wp-json\/wp\/v2\/tags?post=147012"}],"curies":[{"name":"wp","href":"https:\/\/api.w.org\/{rel}","templated":true}]}}