{"id":147015,"date":"2025-08-29T13:08:51","date_gmt":"2025-08-29T16:08:51","guid":{"rendered":"https:\/\/diariodamanhapelotas.com.br\/site\/?p=147015"},"modified":"2025-09-01T09:33:58","modified_gmt":"2025-09-01T12:33:58","slug":"com-mil-atletas-confirmados-etapa-pelotas-do-circuito-sesc-de-corridas-e-neste-domingo-31-08","status":"publish","type":"post","link":"https:\/\/diariodamanhapelotas.com.br\/site\/com-mil-atletas-confirmados-etapa-pelotas-do-circuito-sesc-de-corridas-e-neste-domingo-31-08\/","title":{"rendered":"Com mil atletas confirmados, etapa Pelotas do Circuito Sesc de Corridas \u00e9 neste domingo (31\/08)"},"content":{"rendered":"<h3 style=\"text-align: center;\"><em>Retirada dos kits acontece a partir do s\u00e1bado, no Mercado P\u00fablico<\/em><\/h3>\n<p>Neste domingo, 31 de agosto, acontece a etapa Pelotas do Circuito Sesc de Corridas 2025, um dos principais projetos de incentivo \u00e0s corridas de rua no Sul do Pa\u00eds. Mil atletas est\u00e3o confirmados.<\/p>\n<p><span style=\"font-style: inherit; font-weight: inherit;\">A largada ser\u00e1 \u00e0s 8h30, do Mercado P\u00fablico Municipal, com concentra\u00e7\u00e3o a partir das 7h. Haver\u00e1 seis percursos disputados: 3km, 5km e 10km para adultos, caminhada de 2,7km e corridas de 1km e 2km infantis. A retirada dos kits pode ser feita j\u00e1 no s\u00e1bado, dia 30, das 9h \u00e0s 18h, ou, no domingo, a partir das 6h30, no Mercado P\u00fablico. Aconselha-se que os participantes priorizem o s\u00e1bado para retirar os materiais.<\/span><\/p>\n<p><span style=\"font-style: inherit; font-weight: inherit;\">Em fun\u00e7\u00e3o do evento esportivo, a rua Lobo Costa, entre as ruas Andrade Neves e XV de Novembro, e a rua XV de Novembro, entre as ruas Lobo da Costa e Tiradentes, estar\u00e3o fechadas no s\u00e1bado, a partir das 16h. No domingo, estar\u00e3o fechados o trecho da Rua Tiradentes com Andrade Neves, e XV de Novembro com Tiradentes, a partir das 5h. Informa\u00e7\u00f5es complementares podem ser obtidas pelo WhatsApp (53) 99131-3176.<\/span><\/p>\n<p>&nbsp;<\/p>\n","protected":false},"excerpt":{"rendered":"<p>Retirada dos kits acontece a partir do s\u00e1bado, no Mercado P\u00fablico Neste domingo, 31 de agosto, acontece a etapa Pelotas do Circuito Sesc de Corridas 2025, um dos principais projetos<\/p>\n","protected":false},"author":3,"featured_media":138919,"comment_status":"closed","ping_status":"closed","sticky":false,"template":"","format":"standard","meta":[],"categories":[305,29],"tags":[],"_links":{"self":[{"href":"https:\/\/diariodamanhapelotas.com.br\/site\/wp-json\/wp\/v2\/posts\/147015"}],"collection":[{"href":"https:\/\/diariodamanhapelotas.com.br\/site\/wp-json\/wp\/v2\/posts"}],"about":[{"href":"https:\/\/diariodamanhapelotas.com.br\/site\/wp-json\/wp\/v2\/types\/post"}],"author":[{"embeddable":true,"href":"https:\/\/diariodamanhapelotas.com.br\/site\/wp-json\/wp\/v2\/users\/3"}],"replies":[{"embeddable":true,"href":"https:\/\/diariodamanhapelotas.com.br\/site\/wp-json\/wp\/v2\/comments?post=147015"}],"version-history":[{"count":1,"href":"https:\/\/diariodamanhapelotas.com.br\/site\/wp-json\/wp\/v2\/posts\/147015\/revisions"}],"predecessor-version":[{"id":147016,"href":"https:\/\/diariodamanhapelotas.com.br\/site\/wp-json\/wp\/v2\/posts\/147015\/revisions\/147016"}],"wp:featuredmedia":[{"embeddable":true,"href":"https:\/\/diariodamanhapelotas.com.br\/site\/wp-json\/wp\/v2\/media\/138919"}],"wp:attachment":[{"href":"https:\/\/diariodamanhapelotas.com.br\/site\/wp-json\/wp\/v2\/media?parent=147015"}],"wp:term":[{"taxonomy":"category","embeddable":true,"href":"https:\/\/diariodamanhapelotas.com.br\/site\/wp-json\/wp\/v2\/categories?post=147015"},{"taxonomy":"post_tag","embeddable":true,"href":"https:\/\/diariodamanhapelotas.com.br\/site\/wp-json\/wp\/v2\/tags?post=147015"}],"curies":[{"name":"wp","href":"https:\/\/api.w.org\/{rel}","templated":true}]}}