{"id":147017,"date":"2025-08-30T12:14:40","date_gmt":"2025-08-30T15:14:40","guid":{"rendered":"https:\/\/diariodamanhapelotas.com.br\/site\/?p=147017"},"modified":"2025-08-30T12:14:40","modified_gmt":"2025-08-30T15:14:40","slug":"morre-o-escritor-luis-fernando-verissimo-aos-88-anos","status":"publish","type":"post","link":"https:\/\/diariodamanhapelotas.com.br\/site\/morre-o-escritor-luis-fernando-verissimo-aos-88-anos\/","title":{"rendered":"Morre o escritor Luis Fernando Verissimo aos 88 anos"},"content":{"rendered":"<h3 style=\"text-align: center;\"><em>Ele estava internado em Porto Alegre, ap\u00f3s uma grave pneumonia<\/em><\/h3>\n<p>O escritor ga\u00facho Luis Fernando Verissimo, de 88 anos, morreu na madrugada deste s\u00e1bado (30)\u00a0ap\u00f3s complica\u00e7\u00f5es causadas por um caso grave de pneumonia. Ele estava internado desde o dia 11 de agosto em uma unidade de terapia intensiva (UTI)\u00a0 do Hospital Moinhos de Vento, em Porto Alegre. O\u00a0vel\u00f3rio ser\u00e1 na Assembleia Legislativa do Rio Grande do Sul, a partir de meio-dia.\u00a0\u00a0<img src=\"https:\/\/agenciabrasil.ebc.com.br\/ebc.png?id=1654870&amp;o=node\" \/><img src=\"https:\/\/agenciabrasil.ebc.com.br\/ebc.gif?id=1654870&amp;o=node\" \/><\/p>\n<p>Verissimo deixa a esposa, L\u00facia Helena Massa, e tr\u00eas filhos: Pedro, Fernanda e Mariana Verissimo. Ele tinha mal de Parkinson, problemas card\u00edacos e sofreu um acidente vascular cerebral (AVC) em 2021. Um ano depois, recebeu um marca-passo no cora\u00e7\u00e3o.<\/p>\n<p>Filho do escritor \u00c9rico Verissimo, Luis Fernando publicou mais de 80 t\u00edtulos, entre eles<em> As Mentiras que os Homens Contam<\/em>, <em>O Popular: Cr\u00f4nicas ou Coisa Parecida<\/em>, <em>A Grande Mulher Nua<\/em>e<em> Ed Mort e Outras Hist\u00f3rias<\/em>.<\/p>\n<p>Foram as cr\u00f4nicas e os contos que o tornaram um dos escritores contempor\u00e2neos mais populares no pa\u00eds. <em>O Analista de Bag\u00e9<\/em>, lan\u00e7ado em 1981, teve a primeira edi\u00e7\u00e3o esgotada em uma semana.<\/p>\n<p>O escritor construiu uma trajet\u00f3ria profissional rica, com atua\u00e7\u00e3o em diferentes \u00e1reas e produ\u00e7\u00e3o em v\u00e1rios formatos. Trabalhou como cartunista, tradutor, roteirista, publicit\u00e1rio, revisor, dramaturgo e romancista. Sua obra \u00e9 marcada pelo bom humor, assertividade e cr\u00edtica.\u00a0Al\u00e9m das palavras, foi um amante da m\u00fasica, dedicado \u00e0 pr\u00e1tica do saxofone.<\/p>\n<p>Em entrevista ao programa <em>Sem Censura<\/em>, da TV Brasil, ele contou como iniciou &#8220;tarde&#8221; na carreira de escritor, ap\u00f3s come\u00e7ar a trabalhar na reda\u00e7\u00e3o do jornal <em>Zero Hora<\/em>, na d\u00e9cada de 1960.<\/p>\n<blockquote><p>&#8220;At\u00e9 os 30 anos eu n\u00e3o tinha a menor ideia de ser escritor, muito menos jornalista. Eu fiz de tudo, e nada deu certo. A\u00ed quando eu comecei a trabalhar em jornal &#8211; e naquela \u00e9poca n\u00e3o precisava de diploma de jornalista &#8211; foi quando eu descobri a minha voca\u00e7\u00e3o. Sempre li muito, mas nunca tinha escrito nada. Ent\u00e3o, eu sou um caso meio at\u00edpico&#8221;, disse.<\/p><\/blockquote>\n<p>Com fama de ser um homem calado, Verissimo costumava dizer que n\u00e3o era ele que falava pouco, &#8220;os outros \u00e9 que falam muito&#8221;. Em 2017, quando tinha chegado aos 80 anos, ele disse em entrevista ao program<em>a Conversa com Rosean Kennedy<\/em>, da TV Brasil, como gostaria de ser lembrado.<\/p>\n<blockquote><p>\u00a0&#8220;Gostaria de ser lembrado pelo o que eu fiz, pela minha obra, se \u00e9 que posso chamar de obra, mas pelos meus livros. E, talvez, pelo solo de um saxofone, um blues de saxofone bem acabado&#8221;, contou.<\/p><\/blockquote>\n<p>Na mesma entrevista ele disse que tinha uma fantasia de ser conhecido e viver apenas da m\u00fasica, que era sua paix\u00e3o. E aconselhou que a vida n\u00e3o deve ser levada t\u00e3o a s\u00e9rio.<\/p>\n<blockquote><p>&#8220;No fim, pensando bem, a vida \u00e9 uma grande piada. Acontece tudo isso com a gente, e a gente morre&#8230;que piada, n\u00e9? Que piada de mau gosto. Mas acho que temos que encarar isso com uma certa resigna\u00e7\u00e3o, uma certa bonomia [bondade]&#8221;.<\/p><\/blockquote>\n","protected":false},"excerpt":{"rendered":"<p>Ele estava internado em Porto Alegre, ap\u00f3s uma grave pneumonia O escritor ga\u00facho Luis Fernando Verissimo, de 88 anos, morreu na madrugada deste s\u00e1bado (30)\u00a0ap\u00f3s complica\u00e7\u00f5es causadas por um caso<\/p>\n","protected":false},"author":34,"featured_media":147018,"comment_status":"closed","ping_status":"closed","sticky":false,"template":"","format":"standard","meta":[],"categories":[305,27],"tags":[],"_links":{"self":[{"href":"https:\/\/diariodamanhapelotas.com.br\/site\/wp-json\/wp\/v2\/posts\/147017"}],"collection":[{"href":"https:\/\/diariodamanhapelotas.com.br\/site\/wp-json\/wp\/v2\/posts"}],"about":[{"href":"https:\/\/diariodamanhapelotas.com.br\/site\/wp-json\/wp\/v2\/types\/post"}],"author":[{"embeddable":true,"href":"https:\/\/diariodamanhapelotas.com.br\/site\/wp-json\/wp\/v2\/users\/34"}],"replies":[{"embeddable":true,"href":"https:\/\/diariodamanhapelotas.com.br\/site\/wp-json\/wp\/v2\/comments?post=147017"}],"version-history":[{"count":3,"href":"https:\/\/diariodamanhapelotas.com.br\/site\/wp-json\/wp\/v2\/posts\/147017\/revisions"}],"predecessor-version":[{"id":147023,"href":"https:\/\/diariodamanhapelotas.com.br\/site\/wp-json\/wp\/v2\/posts\/147017\/revisions\/147023"}],"wp:featuredmedia":[{"embeddable":true,"href":"https:\/\/diariodamanhapelotas.com.br\/site\/wp-json\/wp\/v2\/media\/147018"}],"wp:attachment":[{"href":"https:\/\/diariodamanhapelotas.com.br\/site\/wp-json\/wp\/v2\/media?parent=147017"}],"wp:term":[{"taxonomy":"category","embeddable":true,"href":"https:\/\/diariodamanhapelotas.com.br\/site\/wp-json\/wp\/v2\/categories?post=147017"},{"taxonomy":"post_tag","embeddable":true,"href":"https:\/\/diariodamanhapelotas.com.br\/site\/wp-json\/wp\/v2\/tags?post=147017"}],"curies":[{"name":"wp","href":"https:\/\/api.w.org\/{rel}","templated":true}]}}