{"id":147705,"date":"2025-09-24T13:47:23","date_gmt":"2025-09-24T16:47:23","guid":{"rendered":"https:\/\/diariodamanhapelotas.com.br\/site\/?p=147705"},"modified":"2025-09-24T13:47:23","modified_gmt":"2025-09-24T16:47:23","slug":"festival-internacional-sesc-de-musica-projeta-talentos-brasileiros-no-cenario-nacional-e-internacional","status":"publish","type":"post","link":"https:\/\/diariodamanhapelotas.com.br\/site\/festival-internacional-sesc-de-musica-projeta-talentos-brasileiros-no-cenario-nacional-e-internacional\/","title":{"rendered":"Festival Internacional Sesc de M\u00fasica projeta talentos brasileiros no cen\u00e1rio nacional e internacional"},"content":{"rendered":"<h3 style=\"text-align: center;\"><em>Egressos da edi\u00e7\u00e3o 2025 j\u00e1 acumulam premia\u00e7\u00f5es em concursos prestigiados e bolsas em institui\u00e7\u00f5es de refer\u00eancia<\/em><\/h3>\n<p>Reconhecido como um dos maiores eventos de m\u00fasica de concerto da Am\u00e9rica Latina, o\u00a0Festival Internacional Sesc de M\u00fasica\u00a0tem se consolidado n\u00e3o apenas como espa\u00e7o de frui\u00e7\u00e3o cultural, mas, sobretudo, como um ambiente formativo capaz de impulsionar carreiras art\u00edsticas. A experi\u00eancia vivida pelos alunos durante a programa\u00e7\u00e3o em Pelotas reverbera ao longo de todo o ano, traduzindo-se em conquistas expressivas no Brasil e no exterior.<\/p>\n<p>Prova disso s\u00e3o os resultados obtidos por m\u00fasicos que participaram da 13\u00aa edi\u00e7\u00e3o, realizada em janeiro deste ano. A soprano Pollyana Santana, por exemplo, alcan\u00e7ou o\u00a0primeiro lugar no Concurso Brasileiro de Canto Maria Callas, um dos concursos mais tradicionais de canto l\u00edrico da Am\u00e9rica Latina, e foi a\u00a0grande vencedora no Concurso Jovens Solistas da Osesp, em S\u00e3o Paulo. Para a artista, o Festival teve papel decisivo em sua trajet\u00f3ria: \u201cParticipar do evento foi uma experi\u00eancia transformadora. S\u00e3o duas semanas intensas em que a gente respira m\u00fasica o tempo todo, entre masterclasses, recitais e concertos. \u00c9 tanto aprendizado concentrado que costumo dizer que evolu\u00edmos nesses poucos dias o que levar\u00edamos quase um ano inteiro para conquistar. No meu caso, pude aprofundar muito a forma\u00e7\u00e3o musical: os professores trouxeram dicas preciosas sobre fisiologia da voz e t\u00e9cnica vocal que viraram verdadeiras chaves para mim. Al\u00e9m disso, fiz amizades que levo para a vida\u201d, conta. Para ela, as premia\u00e7\u00f5es que vieram na sequ\u00eancia, trouxeram ainda mais motiva\u00e7\u00e3o. \u201cSou muito grata por essa viv\u00eancia e espero que essa visibilidade continue abrindo novos caminhos para minha carreira no canto l\u00edrico\u201d, afirma Pollyana.<\/p>\n<p>O tenor Mikhael Coutinho conquistou o\u00a0primeiro lugar no Concurso Joaquina Lapinha, refer\u00eancia na valoriza\u00e7\u00e3o da m\u00fasica l\u00edrica no pa\u00eds. Outro destaque \u00e9 a argentina Sof\u00eda Biol\u00e9, contemplada com uma\u00a0bolsa integral da Fundaci\u00f3n Carolina para estudar no Conservatorio del Liceu de Barcelona, uma das mais prestigiadas institui\u00e7\u00f5es da Europa. Tamb\u00e9m com trajet\u00f3ria ligada ao Festival, Vanessa de Melo Lacerda foi a\u00a0vencedora do Concurso Nacional de Canto Nat\u00e9rcia Lopes 2025, realizado em Vit\u00f3ria, Capital do Esp\u00edrito Santo. Aluna em edi\u00e7\u00f5es anteriores e j\u00e1 inscrita para o 14\u00ba Festival, em janeiro de 2026, Vanessa agora integra o grupo de artistas que ter\u00e3o a oportunidade de se apresentar ao lado da Orquestra Sinf\u00f4nica do Esp\u00edrito Santo, no concerto de encerramento do Festival de M\u00fasica Erudita do Esp\u00edrito Santo, em novembro.<\/p>\n<p>\u201cO Festival \u00e9 pensado como uma verdadeira escola intensiva, onde alunos de diferentes regi\u00f5es do Brasil e de outros pa\u00edses t\u00eam acesso a professores renomados, viv\u00eancias pr\u00e1ticas e a possibilidade de se apresentar em palcos importantes. \u00c9 muito gratificante ver que esse esfor\u00e7o se traduz em conquistas t\u00e3o significativas\u201d, avalia o coordenador de M\u00fasica do Sesc\/RS, Anderson Mueller.<\/p>\n<p>Realizada pelo\u00a0Sistema Fecom\u00e9rcio-RS\/Sesc\/Senac e IFEP\u00a0com apoio institucional da Prefeitura de Pelotas e apoio cultural da Universidade Federal de Pelotas (UFPel), Universidade Cat\u00f3lica de Pelotas (UCPel), Faculdade Senac, Bibliotheca Pelotense, Orquestra Sinf\u00f4nica de Porto Alegre (OSPA), Unisinos e Expresso Embaixador, a\u00a014\u00aa edi\u00e7\u00e3o do Festival Internacional Sesc de M\u00fasica acontece de 19 a 31 de janeiro de 2026, em Pelotas, reunindo dezenas de professores e centenas de alunos em cursos, recitais e concertos gratuitos.<\/p>\n<p>Nesta edi\u00e7\u00e3o, os cursos de especializa\u00e7\u00e3o musical do Festival receberam1.179 inscri\u00e7\u00f5es\u00a0vindas de diferentes estados brasileiros. A programa\u00e7\u00e3o formativa contempla mais de 21 classes, abrangendo instrumentos de cordas (violino, viola, violoncelo, contrabaixo e harpa), sopros (flauta, obo\u00e9, clarinete, fagote, trompa, trompete, trombone tenor e baixo, tuba e saxofone), al\u00e9m de euf\u00f4nio, percuss\u00e3o, canto l\u00edrico, piano, composi\u00e7\u00e3o e choro (viol\u00e3o, sopros, acordeon, bandolim, percuss\u00e3o e cavaquinho). As atividades ser\u00e3o conduzidas por professores de refer\u00eancia internacional. Al\u00e9m das aulas, os alunos selecionados comp\u00f5em a banda e a orquestra acad\u00eamica do Festival, que se apresentam em diversos espa\u00e7os do munic\u00edpio, como teatros, igrejas, hospitais, estabelecimentos comerciais e na Praia do Laranjal. Mais informa\u00e7\u00f5es podem ser obtidas pelo site<strong>\u00a0<\/strong><a href=\"http:\/\/www.sesc-rs.com.br\/festival\" target=\"_blank\" rel=\"noopener noreferrer\">www.sesc-rs.com.br\/festival<\/a>.<\/p>\n<h3 style=\"text-align: center;\"><strong>14\u00ba Festival Internacional Sesc de M\u00fasica<\/strong><\/h3>\n<p><strong>Data:<\/strong>\u00a019 a 31\/01\/2026<\/p>\n<p><strong>Cursos<\/strong>: violino, viola, violoncelo, contrabaixo, harpa, flauta, obo\u00e9, clarinete, fagote, trompa, trompete, trombone tenor e baixo, tuba, saxofone, euf\u00f4nio, percuss\u00e3o, canto l\u00edrico, piano, composi\u00e7\u00e3o e choro (viol\u00e3o, sopros, acordeon, bandolim, percuss\u00e3o e cavaquinho)<\/p>\n<p><strong>Mais informa\u00e7\u00f5es:\u00a0<\/strong><a href=\"http:\/\/www.sesc-rs.com.br\/festival\" target=\"_blank\" rel=\"noopener noreferrer\">www.sesc-rs.com.br\/festival<\/a><\/p>\n<p>Foto: Paulo Rossi<\/p>\n","protected":false},"excerpt":{"rendered":"<p>Egressos da edi\u00e7\u00e3o 2025 j\u00e1 acumulam premia\u00e7\u00f5es em concursos prestigiados e bolsas em institui\u00e7\u00f5es de refer\u00eancia Reconhecido como um dos maiores eventos de m\u00fasica de concerto da Am\u00e9rica Latina, o\u00a0Festival<\/p>\n","protected":false},"author":3,"featured_media":147706,"comment_status":"closed","ping_status":"closed","sticky":false,"template":"","format":"standard","meta":[],"categories":[305,32],"tags":[],"_links":{"self":[{"href":"https:\/\/diariodamanhapelotas.com.br\/site\/wp-json\/wp\/v2\/posts\/147705"}],"collection":[{"href":"https:\/\/diariodamanhapelotas.com.br\/site\/wp-json\/wp\/v2\/posts"}],"about":[{"href":"https:\/\/diariodamanhapelotas.com.br\/site\/wp-json\/wp\/v2\/types\/post"}],"author":[{"embeddable":true,"href":"https:\/\/diariodamanhapelotas.com.br\/site\/wp-json\/wp\/v2\/users\/3"}],"replies":[{"embeddable":true,"href":"https:\/\/diariodamanhapelotas.com.br\/site\/wp-json\/wp\/v2\/comments?post=147705"}],"version-history":[{"count":1,"href":"https:\/\/diariodamanhapelotas.com.br\/site\/wp-json\/wp\/v2\/posts\/147705\/revisions"}],"predecessor-version":[{"id":147707,"href":"https:\/\/diariodamanhapelotas.com.br\/site\/wp-json\/wp\/v2\/posts\/147705\/revisions\/147707"}],"wp:featuredmedia":[{"embeddable":true,"href":"https:\/\/diariodamanhapelotas.com.br\/site\/wp-json\/wp\/v2\/media\/147706"}],"wp:attachment":[{"href":"https:\/\/diariodamanhapelotas.com.br\/site\/wp-json\/wp\/v2\/media?parent=147705"}],"wp:term":[{"taxonomy":"category","embeddable":true,"href":"https:\/\/diariodamanhapelotas.com.br\/site\/wp-json\/wp\/v2\/categories?post=147705"},{"taxonomy":"post_tag","embeddable":true,"href":"https:\/\/diariodamanhapelotas.com.br\/site\/wp-json\/wp\/v2\/tags?post=147705"}],"curies":[{"name":"wp","href":"https:\/\/api.w.org\/{rel}","templated":true}]}}