{"id":147708,"date":"2025-09-24T13:57:07","date_gmt":"2025-09-24T16:57:07","guid":{"rendered":"https:\/\/diariodamanhapelotas.com.br\/site\/?p=147708"},"modified":"2025-09-24T13:57:07","modified_gmt":"2025-09-24T16:57:07","slug":"he-ufpel-integra-iniciativa-nacional-de-transformacao-digital-do-sus","status":"publish","type":"post","link":"https:\/\/diariodamanhapelotas.com.br\/site\/he-ufpel-integra-iniciativa-nacional-de-transformacao-digital-do-sus\/","title":{"rendered":"HE-UFPel integra iniciativa nacional de transforma\u00e7\u00e3o digital do SUS"},"content":{"rendered":"<h3 style=\"text-align: center;\"><em>Projeto aprovado busca criar plataforma integrada para acompanhamento de pacientes oncol\u00f3gicos do SUS em Pelotas e regi\u00e3o<\/em><\/h3>\n<p>Como a tecnologia pode mudar a forma como as pessoas s\u00e3o atendidas no Sistema \u00danico de Sa\u00fade (SUS)? Essa pergunta marca a entrada do Hospital Escola da Universidade Federal de Pelotas (HE-UFPel), vinculado \u00e0 Empresa Brasileira de Servi\u00e7os Hospitalares (Ebserh), no Programa de Educa\u00e7\u00e3o pelo Trabalho para a Sa\u00fade: Informa\u00e7\u00e3o e Sa\u00fade Digital (PET-Sa\u00fade\/I&amp;SD).<\/p>\n<p>O HE-UFPel foi contemplado com o projeto \u201cPlataforma Integrada de Comunica\u00e7\u00e3o e Acompanhamento do Paciente Oncol\u00f3gico\u201d. A superintendente interina, Silvana Paiva Orlandi, explicou que a proposta visa desenvolver e implementar uma ferramenta digital capaz de centralizar informa\u00e7\u00f5es sobre atendimentos oncol\u00f3gicos, otimizar a comunica\u00e7\u00e3o entre pacientes, equipes multiprofissionais e gestores, al\u00e9m de promover a continuidade do cuidado.<\/p>\n<p>Segundo Silvana, \u201ca ideia \u00e9 aproximar o paciente do servi\u00e7o ao oferecer uma plataforma digital que o acompanha de forma cont\u00ednua, garantindo suporte, informa\u00e7\u00e3o e v\u00ednculo durante todo o tratamento oncol\u00f3gico, e n\u00e3o apenas nos momentos de consulta ou procedimento\u201d. O projeto ser\u00e1 o projeto ser\u00e1 coordenado pelos professores da UFPel: Ludmila Muniz, da Faculdade de Nutri\u00e7\u00e3o, e Daniel\u00a0Maciel, do Centro de Engenharias, e contar\u00e1 com 12 bolsistas.<\/p>\n<h4 style=\"text-align: center;\"><strong>Projeto une inova\u00e7\u00e3o, educa\u00e7\u00e3o e cuidado no SUS<\/strong><\/h4>\n<p>A iniciativa foi idealizada pela<strong>\u00a0<\/strong><a href=\"https:\/\/www.gov.br\/saude\/pt-br\/composicao\/seidigi\" target=\"_blank\" rel=\"noopener noreferrer\">Secretaria de Informa\u00e7\u00e3o e Sa\u00fade Digital (SEIDIGI)<\/a>, em parceria com a\u00a0<a href=\"https:\/\/www.gov.br\/saude\/pt-br\/composicao\/sgtes\" target=\"_blank\" rel=\"noopener noreferrer\">Secretaria de Gest\u00e3o do Trabalho e da Educa\u00e7\u00e3o na Sa\u00fade (SGTES)<\/a>, e busca integrar ensino, servi\u00e7os de sa\u00fade e comunidade, com foco na transforma\u00e7\u00e3o digital do SUS. Com a ades\u00e3o, o HE-UFPel passa a fazer parte de uma rede nacional que conecta docentes, estudantes e profissionais de diferentes \u00e1reas em grupos tutoriais.<\/p>\n<p>O PET-Sa\u00fade\/I&amp;SD promove forma\u00e7\u00e3o cr\u00edtica em sa\u00fade digital, estimula a cria\u00e7\u00e3o de solu\u00e7\u00f5es tecnol\u00f3gicas aplicadas ao cuidado e fortalece a cultura de prote\u00e7\u00e3o de dados em sa\u00fade. A proposta tamb\u00e9m envolve cursos como Ci\u00eancia da Computa\u00e7\u00e3o, Engenharia Biom\u00e9dica, Ci\u00eancia de Dados, Direito e Economia, ao lado das \u00e1reas da sa\u00fade, apontando que a inova\u00e7\u00e3o em sa\u00fade p\u00fablica exige a contribui\u00e7\u00e3o de diferentes campos do conhecimento.<\/p>\n<p>Entre as metas do PET-Sa\u00fade Digital est\u00e3o:<\/p>\n<ul>\n<li>ampliar a forma\u00e7\u00e3o de profissionais em tecnologias digitais;<\/li>\n<li>promover a educa\u00e7\u00e3o permanente de trabalhadores, gestores e usu\u00e1rios do SUS;<\/li>\n<li>desenvolver solu\u00e7\u00f5es digitais para qualificar a gest\u00e3o do cuidado;<\/li>\n<li>aproximar ensino, servi\u00e7os e comunidade;<\/li>\n<li>garantir o uso seguro e \u00e9tico dos dados em sa\u00fade.<\/li>\n<\/ul>\n<p>O programa, criado em 2009, j\u00e1 promovia a integra\u00e7\u00e3o entre ensino, servi\u00e7os e comunidade. Agora, com foco em sa\u00fade digital, busca acompanhar as mudan\u00e7as tecnol\u00f3gicas que impactam a vida de quem depende do SUS.<\/p>\n","protected":false},"excerpt":{"rendered":"<p>Projeto aprovado busca criar plataforma integrada para acompanhamento de pacientes oncol\u00f3gicos do SUS em Pelotas e regi\u00e3o Como a tecnologia pode mudar a forma como as pessoas s\u00e3o atendidas no<\/p>\n","protected":false},"author":3,"featured_media":147709,"comment_status":"closed","ping_status":"closed","sticky":false,"template":"","format":"standard","meta":[],"categories":[305,150],"tags":[],"_links":{"self":[{"href":"https:\/\/diariodamanhapelotas.com.br\/site\/wp-json\/wp\/v2\/posts\/147708"}],"collection":[{"href":"https:\/\/diariodamanhapelotas.com.br\/site\/wp-json\/wp\/v2\/posts"}],"about":[{"href":"https:\/\/diariodamanhapelotas.com.br\/site\/wp-json\/wp\/v2\/types\/post"}],"author":[{"embeddable":true,"href":"https:\/\/diariodamanhapelotas.com.br\/site\/wp-json\/wp\/v2\/users\/3"}],"replies":[{"embeddable":true,"href":"https:\/\/diariodamanhapelotas.com.br\/site\/wp-json\/wp\/v2\/comments?post=147708"}],"version-history":[{"count":1,"href":"https:\/\/diariodamanhapelotas.com.br\/site\/wp-json\/wp\/v2\/posts\/147708\/revisions"}],"predecessor-version":[{"id":147710,"href":"https:\/\/diariodamanhapelotas.com.br\/site\/wp-json\/wp\/v2\/posts\/147708\/revisions\/147710"}],"wp:featuredmedia":[{"embeddable":true,"href":"https:\/\/diariodamanhapelotas.com.br\/site\/wp-json\/wp\/v2\/media\/147709"}],"wp:attachment":[{"href":"https:\/\/diariodamanhapelotas.com.br\/site\/wp-json\/wp\/v2\/media?parent=147708"}],"wp:term":[{"taxonomy":"category","embeddable":true,"href":"https:\/\/diariodamanhapelotas.com.br\/site\/wp-json\/wp\/v2\/categories?post=147708"},{"taxonomy":"post_tag","embeddable":true,"href":"https:\/\/diariodamanhapelotas.com.br\/site\/wp-json\/wp\/v2\/tags?post=147708"}],"curies":[{"name":"wp","href":"https:\/\/api.w.org\/{rel}","templated":true}]}}