{"id":147711,"date":"2025-09-24T14:01:17","date_gmt":"2025-09-24T17:01:17","guid":{"rendered":"https:\/\/diariodamanhapelotas.com.br\/site\/?p=147711"},"modified":"2025-09-24T14:01:17","modified_gmt":"2025-09-24T17:01:17","slug":"9a-feira-municipal-do-morango-inicia-se-no-dia-3-de-outubro","status":"publish","type":"post","link":"https:\/\/diariodamanhapelotas.com.br\/site\/9a-feira-municipal-do-morango-inicia-se-no-dia-3-de-outubro\/","title":{"rendered":"9\u00aa Feira Municipal do Morango inicia-se no dia 3 de outubro"},"content":{"rendered":"<h3 style=\"text-align: center;\"><em>Abertura oficial da temporada da feira ser\u00e1 no Largo do Mercado Central. Localiza\u00e7\u00e3o das bancas j\u00e1 est\u00e1 definida<\/em><\/h3>\n<p><span style=\"font-style: inherit; font-weight: inherit;\"><span style=\"font-size: medium;\">Como previsto, a produ\u00e7\u00e3o de morango em Pelotas, neste ano, vem confirmando que ser\u00e1 promissora. Diversos produtores, desde agora, contam com a fruta no ponto de colheita e j\u00e1 \u00e9 poss\u00edvel encontr\u00e1-los com bancas estabelecidas na cidade. A abertura oficial da 9\u00aa Feira Municipal do Morango est\u00e1 marcada para a manh\u00e3 do dia 3 de outubro, no Largo do Mercado Central, para in\u00edcio da comercializa\u00e7\u00e3o da fruta, diretamente do agricultor ao consumidor, em bancas localizadas em diversos pontos do Centro e bairros.<\/span><\/span><\/p>\n<p><span style=\"font-style: inherit; font-weight: inherit;\"><span style=\"font-size: medium;\">A 9\u00aa edi\u00e7\u00e3o da Feira Municipal do Morango est\u00e1 sob organiza\u00e7\u00e3o da Prefeitura, via Secretaria de Desenvolvimento Rural (SDR), Emater, Embrapa, Sindicato dos Trabalhadores Agricultores Familiares de Pelotas e produtores. Com a Feira em pleno andamento, o fim de semana de 8 e 9 de novembro est\u00e1 reservado para a 7\u00aa Festa Municipal do Morango, no parque Morada do Sol. O lan\u00e7amento do evento ser\u00e1 no dia 10 de outubro, \u00e0s 19h, no sal\u00e3o nobre da Associa\u00e7\u00e3o Rural de Pelotas, durante a 99\u00aa Expofeira.<\/span><\/span><\/p>\n<h4 style=\"text-align: center;\"><strong><span style=\"font-family: Arial, sans-serif;\"><span style=\"font-size: medium;\">Localiza\u00e7\u00e3o das bancas<\/span><\/span><\/strong><\/h4>\n<p><span style=\"font-style: inherit; font-weight: inherit;\"><span style=\"font-size: medium;\">&#8211; Largo Edmar Fetter (Mercado Central) \u2013 diariamente<\/span><\/span><\/p>\n<p><span style=\"font-style: inherit; font-weight: inherit;\"><span style=\"font-size: medium;\">&#8211; Avenida Salgado Filho (Havan) \u2013 quintas-feiras e s\u00e1bados<\/span><\/span><\/p>\n<p><span style=\"font-style: inherit; font-weight: inherit;\"><span style=\"font-size: medium;\">&#8211; Avenida Fernando Os\u00f3rio (entrada da Lindoia) \u2013 quartas-feiras<\/span><\/span><\/p>\n<p><span style=\"font-style: inherit; font-weight: inherit;\"><span style=\"font-size: medium;\">&#8211; Avenida Dom Joaquim (esquina rua Gon\u00e7alves Chaves) \u2013 ter\u00e7as e sextas-feiras<\/span><\/span><\/p>\n<p><span style=\"font-style: inherit; font-weight: inherit;\"><span style=\"font-size: medium;\">&#8211; Laranjal I &#8211; avenida Rio Grande do Sul esquina avenida Ant\u00f4nio Augusto Assun\u00e7\u00e3o &#8211; s\u00e1bados e domingos<\/span><\/span><\/p>\n<p><span style=\"font-style: inherit; font-weight: inherit;\"><span style=\"font-size: medium;\">&#8211; Laranjal II \u2013 ao lado do trapiche \u2013 s\u00e1bados e domingos<\/span><\/span><\/p>\n<p><span style=\"font-style: inherit; font-weight: inherit;\"><span style=\"font-size: medium;\">&#8211; Avenida Bento Gon\u00e7alves (pr\u00f3ximo ao Cerrefour) \u2013 quinta e sexta-feira<\/span><\/span><\/p>\n<p><span style=\"font-style: inherit; font-weight: inherit;\"><span style=\"font-size: medium;\">&#8211; Avenida Duque de Caxias (frente do Sicredi)<\/span><\/span><\/p>\n<p><span style=\"font-style: inherit; font-weight: inherit;\"><span style=\"font-size: medium;\">&#8211; Avenida Arthur de Souza Costa com rua Tiradentes<\/span><\/span><\/p>\n<p><span style=\"font-style: inherit; font-weight: inherit;\"><span style=\"font-size: medium;\">&#8211; Avenida Theodoro M\u00fcller (lateral Atacad\u00e3o) &#8211; Guabiroba<\/span><\/span><\/p>\n<p><span style=\"font-style: inherit; font-weight: inherit;\"><span style=\"font-size: medium;\">&#8211; Avenida 25 de Julho \u2013 Terra Nova<\/span><\/span><\/p>\n<p><span style=\"font-style: inherit; font-weight: inherit;\"><span style=\"font-size: medium;\">&#8211; Avenida Duque de Caxias (frente do Stok Center\/Farroupilha)<\/span><\/span><\/p>\n<p><span style=\"font-style: inherit; font-weight: inherit;\"><span style=\"font-size: medium;\">&#8211; Avenida Bento Gon\u00e7alves com rua Padre Anchieta<\/span><\/span><\/p>\n","protected":false},"excerpt":{"rendered":"<p>Abertura oficial da temporada da feira ser\u00e1 no Largo do Mercado Central. Localiza\u00e7\u00e3o das bancas j\u00e1 est\u00e1 definida Como previsto, a produ\u00e7\u00e3o de morango em Pelotas, neste ano, vem confirmando<\/p>\n","protected":false},"author":3,"featured_media":3753,"comment_status":"closed","ping_status":"closed","sticky":false,"template":"","format":"standard","meta":[],"categories":[305,149],"tags":[],"_links":{"self":[{"href":"https:\/\/diariodamanhapelotas.com.br\/site\/wp-json\/wp\/v2\/posts\/147711"}],"collection":[{"href":"https:\/\/diariodamanhapelotas.com.br\/site\/wp-json\/wp\/v2\/posts"}],"about":[{"href":"https:\/\/diariodamanhapelotas.com.br\/site\/wp-json\/wp\/v2\/types\/post"}],"author":[{"embeddable":true,"href":"https:\/\/diariodamanhapelotas.com.br\/site\/wp-json\/wp\/v2\/users\/3"}],"replies":[{"embeddable":true,"href":"https:\/\/diariodamanhapelotas.com.br\/site\/wp-json\/wp\/v2\/comments?post=147711"}],"version-history":[{"count":1,"href":"https:\/\/diariodamanhapelotas.com.br\/site\/wp-json\/wp\/v2\/posts\/147711\/revisions"}],"predecessor-version":[{"id":147712,"href":"https:\/\/diariodamanhapelotas.com.br\/site\/wp-json\/wp\/v2\/posts\/147711\/revisions\/147712"}],"wp:featuredmedia":[{"embeddable":true,"href":"https:\/\/diariodamanhapelotas.com.br\/site\/wp-json\/wp\/v2\/media\/3753"}],"wp:attachment":[{"href":"https:\/\/diariodamanhapelotas.com.br\/site\/wp-json\/wp\/v2\/media?parent=147711"}],"wp:term":[{"taxonomy":"category","embeddable":true,"href":"https:\/\/diariodamanhapelotas.com.br\/site\/wp-json\/wp\/v2\/categories?post=147711"},{"taxonomy":"post_tag","embeddable":true,"href":"https:\/\/diariodamanhapelotas.com.br\/site\/wp-json\/wp\/v2\/tags?post=147711"}],"curies":[{"name":"wp","href":"https:\/\/api.w.org\/{rel}","templated":true}]}}