{"id":147713,"date":"2025-09-24T14:07:38","date_gmt":"2025-09-24T17:07:38","guid":{"rendered":"https:\/\/diariodamanhapelotas.com.br\/site\/?p=147713"},"modified":"2025-09-24T14:07:38","modified_gmt":"2025-09-24T17:07:38","slug":"prefeitura-completa-dois-meses-de-zeladoria-no-areal-fundos","status":"publish","type":"post","link":"https:\/\/diariodamanhapelotas.com.br\/site\/prefeitura-completa-dois-meses-de-zeladoria-no-areal-fundos\/","title":{"rendered":"Prefeitura completa dois meses de zeladoria no Areal Fundos"},"content":{"rendered":"<h3 style=\"text-align: center;\"><em>Opera\u00e7\u00f5es permanentes de drenagem come\u00e7aram em julho, desde as imedia\u00e7\u00f5es da escola Piratinino de Almeida, passando pela Estrada da Costa, at\u00e9 a Vila da Palha<\/em><\/h3>\n<p>A Prefeitura completa nesta semana dois meses de opera\u00e7\u00f5es permanentes de zeladoria no Areal Fundos, desde as imedia\u00e7\u00f5es da Emef Piratinino de Almeida e Cacimba da Na\u00e7\u00e3o, na avenida Domingos de Almeida, contemplando ruas como Capit\u00e3o N\u00e9lson Pereira, avenida Bar\u00e3o de Corrientes, Estrada da Costa e Saint-Hillaire, na Vila da Palha, at\u00e9 a ponte sobre a chamada sanga do Passo Fundo.<\/p>\n<p>A recupera\u00e7\u00e3o do sistema de drenagem da regi\u00e3o ocupa lugar de protagonismo. Nesses dois meses foram feitos consertos, reparos e instala\u00e7\u00f5es em travessias (rede pluvial e cloacal subterr\u00e2nea), limpeza e desobstru\u00e7\u00e3o de canais, corre\u00e7\u00e3o de escoamento, recolhidas 29 cargas de areia da beira das sarjetas, especialmente na avenida Bar\u00e3o de Corrientes, o que garantiu a amplia\u00e7\u00e3o da largura da via em tr\u00eas metros e meio, al\u00e9m de liga\u00e7\u00f5es particulares que precisaram ser refeitas.<\/p>\n<p>Trabalho n\u00e3o faltou at\u00e9 agora. N\u00e3o deve faltar t\u00e3o cedo. Agora, o foco est\u00e1 na desobstru\u00e7\u00e3o e substitui\u00e7\u00e3o das tubula\u00e7\u00f5es nas ruas Capit\u00e3o Nelson Pereira e Comendador Rafael Mazza, em trecho pr\u00f3ximo \u00e0 r\u00f3tula da avenida Adolfo Fetter. Tudo para facilitar o escoamento at\u00e9 o arroio Pelotas. N\u00e3o h\u00e1 previs\u00e3o de conclus\u00e3o das atividades. Desobstru\u00e7\u00e3o que chama.<\/p>\n<p>\u201cN\u00e3o podemos descansar enquanto n\u00e3o entregarmos um m\u00ednimo de qualidade de vida \u00e0 popula\u00e7\u00e3o, porque neste caso da drenagem, especialmente, a responsabilidade \u00e9 nossa, \u00e9 do poder p\u00fablico, nos deparamos com uma estrutura colapsada, nos comprometemos a melhor\u00e1-la, e a popula\u00e7\u00e3o espera por isso\u201d, disse Mateus Consen, secret\u00e1rio de Servi\u00e7os Urbanos e Infraestrutura (Ssui) &#8211; pasta que ocupa a linha de frente das opera\u00e7\u00f5es concentradas na regi\u00e3o. <img loading=\"lazy\" class=\" wp-image-147716 alignright\" src=\"https:\/\/diariodamanhapelotas.com.br\/site\/wp-content\/uploads\/2025\/09\/nderson-pereira-rodrigues.jpg\" alt=\"\" width=\"196\" height=\"227\" srcset=\"https:\/\/diariodamanhapelotas.com.br\/site\/wp-content\/uploads\/2025\/09\/nderson-pereira-rodrigues.jpg 517w, https:\/\/diariodamanhapelotas.com.br\/site\/wp-content\/uploads\/2025\/09\/nderson-pereira-rodrigues-259x300.jpg 259w, https:\/\/diariodamanhapelotas.com.br\/site\/wp-content\/uploads\/2025\/09\/nderson-pereira-rodrigues-129x150.jpg 129w\" sizes=\"(max-width: 196px) 100vw, 196px\" \/><\/p>\n<p>O marceneiro \u00c2nderson Pereira Rodrigues (foto), 42 anos, todos eles vividos ali, na Capit\u00e3o N\u00e9lson Pereira, na vizinhan\u00e7a de uma ind\u00fastria de beneficiamento de gr\u00e3os junto ao arroio Pelotas, diz que nunca viu uma opera\u00e7\u00e3o como a que est\u00e1 em curso no Areal Fundos. \u201cEra limpeza b\u00e1sica da rua e nada mais\u201d, resume. Ele assegura que j\u00e1 percebe melhoras com as obras de drenagem que come\u00e7aram h\u00e1 dois meses, sobretudo no escoamento da rede pluvial e cloacal e nas condi\u00e7\u00f5es de mobilidade. Espera que todo este trabalho deixe como legado uma boa condi\u00e7\u00e3o de infraestrutura para que n\u00e3o se veja obrigado a caminhar sobre o lodo nos dias de chuva, nem a \u201ccolocar os p\u00e9s na \u00e1gua\u201d. \u201cA gente chega a ficar isolado quando chove muito, de uns anos para c\u00e1 as condi\u00e7\u00f5es n\u00e3o melhoraram nem um pouco\u201d, reclama.<img loading=\"lazy\" class=\" wp-image-147715 alignleft\" src=\"https:\/\/diariodamanhapelotas.com.br\/site\/wp-content\/uploads\/2025\/09\/dson-dutra.jpg\" alt=\"\" width=\"208\" height=\"242\" srcset=\"https:\/\/diariodamanhapelotas.com.br\/site\/wp-content\/uploads\/2025\/09\/dson-dutra.jpg 516w, https:\/\/diariodamanhapelotas.com.br\/site\/wp-content\/uploads\/2025\/09\/dson-dutra-258x300.jpg 258w, https:\/\/diariodamanhapelotas.com.br\/site\/wp-content\/uploads\/2025\/09\/dson-dutra-129x150.jpg 129w\" sizes=\"(max-width: 208px) 100vw, 208px\" \/><\/p>\n<p>Vizinho da Cacimba da Na\u00e7\u00e3o, na extremidade da Domingos de Almeida, o comerciante \u00c9dson Dutra (foto), dono de uma loja que comercializa ra\u00e7\u00e3o para animais, diz que a causa principal dos problemas que os moradores do Areal Fundos, como ele, se deparam \u00e9 justamente o que a Prefeitura est\u00e1 enfrentando: m\u00e1s condi\u00e7\u00f5es de drenagem. \u201cA \u00e1gua n\u00e3o corre, est\u00e1 tudo entupido, acho mesmo que esta limpeza que a Prefeitura est\u00e1 fazendo aqui na regi\u00e3o vai melhorar, espero que sim, tenho esperan\u00e7a\u201d, afirma.<img loading=\"lazy\" class=\" wp-image-147714 alignright\" src=\"https:\/\/diariodamanhapelotas.com.br\/site\/wp-content\/uploads\/2025\/09\/margarida-biel-batista.jpg\" alt=\"\" width=\"200\" height=\"201\" srcset=\"https:\/\/diariodamanhapelotas.com.br\/site\/wp-content\/uploads\/2025\/09\/margarida-biel-batista.jpg 598w, https:\/\/diariodamanhapelotas.com.br\/site\/wp-content\/uploads\/2025\/09\/margarida-biel-batista-300x300.jpg 300w, https:\/\/diariodamanhapelotas.com.br\/site\/wp-content\/uploads\/2025\/09\/margarida-biel-batista-150x150.jpg 150w\" sizes=\"(max-width: 200px) 100vw, 200px\" \/><\/p>\n<p>Na Estrada da Costa, a pescadora aposentada Margarida Biel Batista(foto), 63 anos, cinco deles na localidade, lamenta todas as vezes que precisou lidar com \u00e1gua dentro de casa em raz\u00e3o das chuvas. N\u00e3o foi o que aconteceu depois que a Prefeitura come\u00e7ou a operar na regi\u00e3o. \u201cDesde ent\u00e3o n\u00e3o vi \u00e1gua nem na rua, muito menos em casa, gra\u00e7as a Deus\u201d, afirma, aliviada. Acredita que este fen\u00f4meno tem rela\u00e7\u00e3o direta com as diversas a\u00e7\u00f5es de drenagem que come\u00e7aram na segunda quinzena de julho. Nesses cinco anos na Estrada da Costa, diz que o que se via por parte do poder p\u00fablico era patrola &#8211; de tempos em tempos. \u201cIsso de limpar valeta todo o dia e botar tubula\u00e7\u00e3o \u00e9 a primeira vez, est\u00e1 \u00f3timo.\u201d<\/p>\n<p>Assim como Margarida, Paulo C\u00e9sar Igansi tamb\u00e9m gosta da aten\u00e7\u00e3o que a comunidade vem recebendo na forma de obras de drenagem. \u201cReconhe\u00e7o que est\u00e3o mostrando um bom trabalho, espero que continue, principalmente na drenagem, \u00e9 o que nos faz falta\u201d, afirma. Segundo ele, foram v\u00e1rias as vezes em que seus clientes sequer conseguiam ter acesso ao seu mini-mercado devido aos alagamentos. \u201cJ\u00e1 se v\u00ea melhoras, na \u00faltima chuvarada a \u00e1gua n\u00e3o subiu, acredito que possa melhorar, boto f\u00e9\u201d, diz ele, morador h\u00e1 40 anos na Vila da Palha.<\/p>\n<h4 style=\"text-align: center;\">Projeto encaminhado<\/h4>\n<p>Um projeto da Prefeitura, redesenhado pela atual gest\u00e3o pelo corpo t\u00e9cnico da Secretaria de Urbanismo (Seurb), promete transformar urbanisticamente o Areal Fundos a partir do monumento do Obelisco, na avenida Domingos de Almeida, passa pela avenida Bar\u00e3o de Corrientes, Estrada da Costa e adentra a Vila da Palha. Al\u00e9m de cal\u00e7amento e ciclofaixas, o projeto prev\u00ea pavimenta\u00e7\u00e3o, interven\u00e7\u00f5es de drenagem e abertura de um ponto de acesso p\u00fablico ao Arroio Pelotas. Os recursos para execu\u00e7\u00e3o, na ordem de R$ 5,7 milh\u00f5es, est\u00e3o dispon\u00edveis. V\u00eam por emenda parlamentar (deputado Daniel Trezciak) e do Minist\u00e9rio do Turismo.<\/p>\n<p>A proposta at\u00e9 j\u00e1 teve direito \u00e0 audi\u00eancia p\u00fablica promovida pela Prefeitura no in\u00edcio de agosto, na Emef Piratinino de Almeida. Os recursos est\u00e3o dispon\u00edveis. O projeto tramita na Caixa Econ\u00f4mica Federal para valida\u00e7\u00e3o de crit\u00e9rios t\u00e9cnicos. Assim que aprovado, caber\u00e1 \u00e0 Prefeitura agilizar o processo de licita\u00e7\u00e3o, que espera abrir ainda este ano.<\/p>\n<p>Fotos: Volmer Perez<\/p>\n","protected":false},"excerpt":{"rendered":"<p>Opera\u00e7\u00f5es permanentes de drenagem come\u00e7aram em julho, desde as imedia\u00e7\u00f5es da escola Piratinino de Almeida, passando pela Estrada da Costa, at\u00e9 a Vila da Palha A Prefeitura completa nesta semana<\/p>\n","protected":false},"author":3,"featured_media":147717,"comment_status":"closed","ping_status":"closed","sticky":false,"template":"","format":"standard","meta":[],"categories":[305,149],"tags":[],"_links":{"self":[{"href":"https:\/\/diariodamanhapelotas.com.br\/site\/wp-json\/wp\/v2\/posts\/147713"}],"collection":[{"href":"https:\/\/diariodamanhapelotas.com.br\/site\/wp-json\/wp\/v2\/posts"}],"about":[{"href":"https:\/\/diariodamanhapelotas.com.br\/site\/wp-json\/wp\/v2\/types\/post"}],"author":[{"embeddable":true,"href":"https:\/\/diariodamanhapelotas.com.br\/site\/wp-json\/wp\/v2\/users\/3"}],"replies":[{"embeddable":true,"href":"https:\/\/diariodamanhapelotas.com.br\/site\/wp-json\/wp\/v2\/comments?post=147713"}],"version-history":[{"count":1,"href":"https:\/\/diariodamanhapelotas.com.br\/site\/wp-json\/wp\/v2\/posts\/147713\/revisions"}],"predecessor-version":[{"id":147718,"href":"https:\/\/diariodamanhapelotas.com.br\/site\/wp-json\/wp\/v2\/posts\/147713\/revisions\/147718"}],"wp:featuredmedia":[{"embeddable":true,"href":"https:\/\/diariodamanhapelotas.com.br\/site\/wp-json\/wp\/v2\/media\/147717"}],"wp:attachment":[{"href":"https:\/\/diariodamanhapelotas.com.br\/site\/wp-json\/wp\/v2\/media?parent=147713"}],"wp:term":[{"taxonomy":"category","embeddable":true,"href":"https:\/\/diariodamanhapelotas.com.br\/site\/wp-json\/wp\/v2\/categories?post=147713"},{"taxonomy":"post_tag","embeddable":true,"href":"https:\/\/diariodamanhapelotas.com.br\/site\/wp-json\/wp\/v2\/tags?post=147713"}],"curies":[{"name":"wp","href":"https:\/\/api.w.org\/{rel}","templated":true}]}}