{"id":147719,"date":"2025-09-24T17:11:51","date_gmt":"2025-09-24T20:11:51","guid":{"rendered":"https:\/\/diariodamanhapelotas.com.br\/site\/?p=147719"},"modified":"2025-09-24T17:11:51","modified_gmt":"2025-09-24T20:11:51","slug":"governo-federal-autoriza-repasse-para-construcao-da-ubs-santa-terezinha","status":"publish","type":"post","link":"https:\/\/diariodamanhapelotas.com.br\/site\/governo-federal-autoriza-repasse-para-construcao-da-ubs-santa-terezinha\/","title":{"rendered":"Governo federal autoriza repasse para constru\u00e7\u00e3o da UBS Santa Terezinha"},"content":{"rendered":"<h3 style=\"text-align: center;\"><em>Com a obra, munic\u00edpio contar\u00e1 com todas as unidades da rede em pr\u00e9dio pr\u00f3prio. Projeto foi um dos cinco apresentados pela atual gest\u00e3o contemplados pelo PAC\u00a0<\/em><\/h3>\n<p>O governo federal publicou na edi\u00e7\u00e3o de ter\u00e7a-feira (23) a portaria 8.206 que autoriza o repasse de recursos para a constru\u00e7\u00e3o via PAC da UBS Santa Terezinha, zona norte de Pelotas. A Unidade \u00e9 a \u00fanica que funciona em pr\u00e9dio alugado. Em atividade, todas as UBSs que comp\u00f5em a rede passar\u00e3o a operar em im\u00f3vel pr\u00f3prio. O terreno para a constru\u00e7\u00e3o, na avenida 25 de Julho &#8211; proximidades do loteamento da Associa\u00e7\u00e3o dos Correios -, j\u00e1 est\u00e1 dispon\u00edvel para receber a obra. O projeto \u00e9 do Minist\u00e9rio da Sa\u00fade, com interven\u00e7\u00f5es do corpo t\u00e9cnico da Secretaria de Urbanismo (Seurb).<\/p>\n<p>\u201cEstamos muito felizes com essa not\u00edcia, o governo federal j\u00e1 autorizou a libera\u00e7\u00e3o dos recursos, isso significa que quase R$ 4,5 milh\u00f5es [R$ 4.456.000 milh\u00f5es] est\u00e3o assegurados para que a popula\u00e7\u00e3o da zona norte da cidade passe a contar com um equipamento moderno, em um pr\u00e9dio novo e plenamente adequado para a sua finalidade\u201d, diz o prefeito Fernando Marroni. O chefe do Executivo tamb\u00e9m ressalta o papel importante que a UBS ter\u00e1 no or\u00e7amento da Sa\u00fade no munic\u00edpio. \u201cCom ela vamos passar a ter as 51 UBSs atendendo em pr\u00e9dio pr\u00f3prio, sem precisar pagar aluguel, qualquer respiro financeiro \u00e9 bem-vindo\u201d, afirma. Mensalmente, a Secretaria Municipal de Sa\u00fade (SMS) desembolsa pouco mais de R$ 4,7 mil para loca\u00e7\u00e3o do im\u00f3vel.<\/p>\n<p>A UBS Santa Terezinha, do tipo 4 (unidade projetada para atender um p\u00fablico maior, com capacidade para no m\u00ednimo quatro equipes de sa\u00fade da fam\u00edlia), integra o pacote de projetos encaminhados pela atual gest\u00e3o que foram contemplados no PAC Sa\u00fade, do governo federal. Al\u00e9m desta, o programa vai viabilizar uma policl\u00ednica regional, um combo de itens para UBSs j\u00e1 existentes (que v\u00e3o de c\u00e2maras frias exclusivas para vacinas a cadeiras de rodas, entre outros), um kit de equipamentos para teleconsulta e tr\u00eas novas ambul\u00e2ncias para o Samu. Ao todo, os investimentos via PAC Sa\u00fade somam R$ 36,2 milh\u00f5es.<\/p>\n<h4 style=\"text-align: center;\">Licita\u00e7\u00e3o<\/h4>\n<p>A administra\u00e7\u00e3o pretende lan\u00e7ar at\u00e9 mar\u00e7o do ano que vem um pacote de licita\u00e7\u00f5es voltado \u00e0 \u00e1rea da Sa\u00fade. Al\u00e9m da UBS Santa Terezinha, a ideia \u00e9 incluir os projetos da policl\u00ednica regional, no prolongamento da avenida Bento Gon\u00e7alves, e a UBS tipo 1 prevista para a localidade do Passo do Salso, bairro Fragata, zona oeste de Pelotas &#8211; esta com recursos de emenda parlamentar da deputada federal Fernanda Melchionna (Psol). A expectativa \u00e9 para que as obras dos tr\u00eas projetos comecem em maio de 2026, com meta de execu\u00e7\u00e3o de 30% at\u00e9 agosto e conclus\u00e3o em maio de 2027. A entrada em funcionamento das UBSs e da policl\u00ednica regional \u00e9 prevista para agosto do mesmo ano.<\/p>\n<h4 style=\"text-align: center;\">Atendimento<\/h4>\n<p>A UBS Santa Terezinha responde por 2.2 mil atendimentos por m\u00eas. A Unidade oferece consultas m\u00e9dicas, de enfermagem e odontologia &#8211; com destaque ao cuidado integral \u00e0 sa\u00fade da mulher, da crian\u00e7a, do idoso e de qualquer outra necessidade do usu\u00e1rio do SUS. Disp\u00f5e, hoje, de duas equipes de Estrat\u00e9gia de Sa\u00fade da Fam\u00edlia (ESFs) e, recentemente, passou a contar com alunos de Medicina e residentes de Medicina da Fam\u00edlia e Comunidade da UCPel. Al\u00e9m dos servi\u00e7os de Sa\u00fade, a Unidade presta atendimentos na \u00e1rea da Assist\u00eancia Social.<\/p>\n","protected":false},"excerpt":{"rendered":"<p>Com a obra, munic\u00edpio contar\u00e1 com todas as unidades da rede em pr\u00e9dio pr\u00f3prio. Projeto foi um dos cinco apresentados pela atual gest\u00e3o contemplados pelo PAC\u00a0 O governo federal publicou<\/p>\n","protected":false},"author":3,"featured_media":147721,"comment_status":"closed","ping_status":"closed","sticky":false,"template":"","format":"standard","meta":[],"categories":[305,149],"tags":[],"_links":{"self":[{"href":"https:\/\/diariodamanhapelotas.com.br\/site\/wp-json\/wp\/v2\/posts\/147719"}],"collection":[{"href":"https:\/\/diariodamanhapelotas.com.br\/site\/wp-json\/wp\/v2\/posts"}],"about":[{"href":"https:\/\/diariodamanhapelotas.com.br\/site\/wp-json\/wp\/v2\/types\/post"}],"author":[{"embeddable":true,"href":"https:\/\/diariodamanhapelotas.com.br\/site\/wp-json\/wp\/v2\/users\/3"}],"replies":[{"embeddable":true,"href":"https:\/\/diariodamanhapelotas.com.br\/site\/wp-json\/wp\/v2\/comments?post=147719"}],"version-history":[{"count":1,"href":"https:\/\/diariodamanhapelotas.com.br\/site\/wp-json\/wp\/v2\/posts\/147719\/revisions"}],"predecessor-version":[{"id":147722,"href":"https:\/\/diariodamanhapelotas.com.br\/site\/wp-json\/wp\/v2\/posts\/147719\/revisions\/147722"}],"wp:featuredmedia":[{"embeddable":true,"href":"https:\/\/diariodamanhapelotas.com.br\/site\/wp-json\/wp\/v2\/media\/147721"}],"wp:attachment":[{"href":"https:\/\/diariodamanhapelotas.com.br\/site\/wp-json\/wp\/v2\/media?parent=147719"}],"wp:term":[{"taxonomy":"category","embeddable":true,"href":"https:\/\/diariodamanhapelotas.com.br\/site\/wp-json\/wp\/v2\/categories?post=147719"},{"taxonomy":"post_tag","embeddable":true,"href":"https:\/\/diariodamanhapelotas.com.br\/site\/wp-json\/wp\/v2\/tags?post=147719"}],"curies":[{"name":"wp","href":"https:\/\/api.w.org\/{rel}","templated":true}]}}