{"id":147726,"date":"2025-09-25T08:34:51","date_gmt":"2025-09-25T11:34:51","guid":{"rendered":"https:\/\/diariodamanhapelotas.com.br\/site\/?p=147726"},"modified":"2025-09-25T08:34:51","modified_gmt":"2025-09-25T11:34:51","slug":"o-dia-em-que-a-eternidade-do-rock-se-escreveu-em-ciclos","status":"publish","type":"post","link":"https:\/\/diariodamanhapelotas.com.br\/site\/o-dia-em-que-a-eternidade-do-rock-se-escreveu-em-ciclos\/","title":{"rendered":"O dia em que a eternidade do rock se escreveu em ciclos"},"content":{"rendered":"<h3 style=\"text-align: center;\"><em><strong>O Led Zeppelin come\u00e7ou sua lenda, perdeu seu cora\u00e7\u00e3o e, ao mesmo tempo, o Sabbath entregou ao mundo um monumento<\/strong><\/em><\/h3>\n<p style=\"text-align: center;\"><em><strong>Marcelo Gonzales*<\/strong><\/em><\/p>\n<p style=\"text-align: center;\"><em><strong>@celogonzales @vidadevinil<\/strong><\/em><\/p>\n<p>H\u00e1 datas que parecem escolhidas a dedo pelo destino. E o dia <strong>25 de setembro<\/strong> \u00e9 uma dessas que carrega um peso quase m\u00edstico na hist\u00f3ria do rock. Eu lembro de ter trope\u00e7ado nessa coincid\u00eancia e me arrepiado inteiro, como se cada riff, cada baqueta, cada linha de baixo, conspirasse para que tudo se cruzasse nesse calend\u00e1rio.<\/p>\n<p>Foi em <strong>25 de setembro de 1968<\/strong>, \u00e0s onze da noite, que o Led Zeppelin entrou no est\u00fadio Olympic, em Londres, para registrar os primeiros compassos do que viria a ser o <em>Led Zeppelin I<\/em>. Quem confirma isso n\u00e3o sou eu apenas como f\u00e3 e pesquisador atento, \u00e9 o pr\u00f3prio <strong>Jimmy Page<\/strong>, em seu site oficial, que crava:<\/p>\n<p style=\"text-align: right;\"><em>\u201cThus, with the aid of my old friend Glyn John\u2019s masterful engineering, at 11 pm on Wednesday 25th September 1968, we began our recordings and embarked upon committing this eclectic powerhouse to tape.\u201d<\/em><br \/>\n(<a href=\"https:\/\/www.ledzeppelin.com\/event\/september-25-1968?utm_source=chatgpt.com\" target=\"_blank\" rel=\"noopener noreferrer\">Fonte: ledzeppelin.com<\/a>)<\/p>\n<p>Leia devagar essa frase. \u00c0s onze da noite de uma quarta-feira, come\u00e7ava a ser tecido o tecido sonoro que mudaria a hist\u00f3ria da m\u00fasica.<\/p>\n<p>Doze anos depois, no mesmo dia, o destino resolveu girar a roleta para o outro lado. Em <strong>25 de setembro de 1980<\/strong><strong>, John Bonham<\/strong>, o homem que transformava a bateria numa extens\u00e3o da alma, faleceu de forma abrupta, sufocado ap\u00f3s uma maratona alco\u00f3lica. Aquele que tinha dado vida ao Led Zeppelin com batidas monumentais partia justamente na data em que a pr\u00f3pria banda havia dado o seu primeiro passo no est\u00fadio. A ironia amarga da vida, e o ciclo aberto por Bonham e Page em 1968, parecia encontrar seu ponto final exatamente ali.<\/p>\n<p>E, no meio desses dois extremos, h\u00e1 um terceiro ponto que d\u00e1 a esse 25 de setembro um brilho ainda mais singular. Em <strong>1972<\/strong>, tamb\u00e9m nesse dia, o<strong> Black Sabbath<\/strong> lan\u00e7ava seu quarto \u00e1lbum, o poderoso <em>Vol. 4<\/em>. Um disco que carregava o peso da experimenta\u00e7\u00e3o, da ousadia e de um Sabbath j\u00e1 consolidado como pedra angular do heavy metal. Se o Led Zeppelin estreava, se Bonham nos deixava, o Sabbath coroava a data com um marco criativo que at\u00e9 hoje pulsa nos ouvidos de quem sabe o que \u00e9 o som pesado.<\/p>\n<p>Tr\u00eas tempos. Tr\u00eas acontecimentos. Um mesmo dia. O in\u00edcio, a perda e a consagra\u00e7\u00e3o. \u00c9 como se o 25 de setembro fosse um portal e nele cabem as contradi\u00e7\u00f5es da m\u00fasica, a cria\u00e7\u00e3o e a destrui\u00e7\u00e3o, o luto e a celebra\u00e7\u00e3o.<\/p>\n<p>Escrevendo isso, sinto que n\u00e3o \u00e9 s\u00f3 uma coincid\u00eancia de agenda. \u00c9 um lembrete de que o rock \u00e9 feito desses ciclos. De que a eternidade se escreve n\u00e3o apenas com o que nasce, mas tamb\u00e9m com o que termina e com o que se transforma.<\/p>\n<p>E voc\u00ea, que me acompanha nessa leitura, talvez sinta o mesmo calafrio de perceber que numa \u00fanica data,<strong> o Led Zeppelin come\u00e7ou sua lenda, perdeu seu cora\u00e7\u00e3o e, ao mesmo tempo, o Sabbath entregou ao mundo um monumento.<\/strong> 25 de setembro n\u00e3o \u00e9 apenas um dia no calend\u00e1rio, \u00e9 uma assinatura gravada a fogo no livro da m\u00fasica.<\/p>\n<p style=\"text-align: right;\"><em>\u00a0*Marcelo Gonzales \u00e9 autor do blog Que Dia \u00e9 Hoje?, vive entre discos de vinil e muita m\u00eddia f\u00edsica, sempre atento \u00e0 m\u00fasica, \u00e0 cultura e ao jornalismo, compartilhando hist\u00f3rias que conectam gera\u00e7\u00f5es.<\/em><\/p>\n","protected":false},"excerpt":{"rendered":"<p>O Led Zeppelin come\u00e7ou sua lenda, perdeu seu cora\u00e7\u00e3o e, ao mesmo tempo, o Sabbath entregou ao mundo um monumento Marcelo Gonzales* @celogonzales @vidadevinil H\u00e1 datas que parecem escolhidas a<\/p>\n","protected":false},"author":3,"featured_media":147727,"comment_status":"closed","ping_status":"closed","sticky":false,"template":"","format":"standard","meta":[],"categories":[305,32],"tags":[],"_links":{"self":[{"href":"https:\/\/diariodamanhapelotas.com.br\/site\/wp-json\/wp\/v2\/posts\/147726"}],"collection":[{"href":"https:\/\/diariodamanhapelotas.com.br\/site\/wp-json\/wp\/v2\/posts"}],"about":[{"href":"https:\/\/diariodamanhapelotas.com.br\/site\/wp-json\/wp\/v2\/types\/post"}],"author":[{"embeddable":true,"href":"https:\/\/diariodamanhapelotas.com.br\/site\/wp-json\/wp\/v2\/users\/3"}],"replies":[{"embeddable":true,"href":"https:\/\/diariodamanhapelotas.com.br\/site\/wp-json\/wp\/v2\/comments?post=147726"}],"version-history":[{"count":1,"href":"https:\/\/diariodamanhapelotas.com.br\/site\/wp-json\/wp\/v2\/posts\/147726\/revisions"}],"predecessor-version":[{"id":147728,"href":"https:\/\/diariodamanhapelotas.com.br\/site\/wp-json\/wp\/v2\/posts\/147726\/revisions\/147728"}],"wp:featuredmedia":[{"embeddable":true,"href":"https:\/\/diariodamanhapelotas.com.br\/site\/wp-json\/wp\/v2\/media\/147727"}],"wp:attachment":[{"href":"https:\/\/diariodamanhapelotas.com.br\/site\/wp-json\/wp\/v2\/media?parent=147726"}],"wp:term":[{"taxonomy":"category","embeddable":true,"href":"https:\/\/diariodamanhapelotas.com.br\/site\/wp-json\/wp\/v2\/categories?post=147726"},{"taxonomy":"post_tag","embeddable":true,"href":"https:\/\/diariodamanhapelotas.com.br\/site\/wp-json\/wp\/v2\/tags?post=147726"}],"curies":[{"name":"wp","href":"https:\/\/api.w.org\/{rel}","templated":true}]}}